{"id":14487,"date":"2019-09-19T16:35:24","date_gmt":"2019-09-19T19:35:24","guid":{"rendered":"http:\/\/www.azullimao.com.br\/portal\/?p=14487"},"modified":"2019-09-19T16:36:44","modified_gmt":"2019-09-19T19:36:44","slug":"4o-kairos-macae-amplia-debate-sobre-o-fenomeno-do-suicidio","status":"publish","type":"post","link":"https:\/\/www.azullimao.com.br\/portal\/materias\/4o-kairos-macae-amplia-debate-sobre-o-fenomeno-do-suicidio\/","title":{"rendered":"4\u00ba Kair\u00f3s Maca\u00e9 amplia debate sobre o &#8216;Fen\u00f4meno do suic\u00eddio&#8217;"},"content":{"rendered":"<p>A quarta edi\u00e7\u00e3o do Kair\u00f3s Maca\u00e9 ser\u00e1 promovida no dia 28, a partir das 14h, no Centro de Conven\u00e7\u00f5es Jornalista Roberto Marinho. Organizado pela Par\u00f3quia Santo Ant\u00f4nio, o evento refor\u00e7ar\u00e1 e ampliar\u00e1 o debate sobre o \u201cFen\u00f4meno do suic\u00eddio\u201d.<\/p>\n<p>O tema ser\u00e1 abordado principalmente pelo padre L\u00edcio de Ara\u00fajo Vale, que \u00e9 filho de pai suicida e autor do livro \u201cE foram deixados pra tr\u00e1s &#8211; Uma reflex\u00e3o sobre o fen\u00f4meno do suic\u00eddio\u201d. Esta ser\u00e1 a segunda vinda do sacerdote a Maca\u00e9. A primeira aconteceu em dezembro do \u00faltimo ano, quando ele ministrou palestra para a comunidade paroquial de Santo Ant\u00f4nio.<\/p>\n<p>&#8220;A ideia de escrever o livro nasceu exatamente do desejo de contribuir para lan\u00e7ar luzes sobre o problema do suic\u00eddio, colaborar para que se fale mais a respeito desta quest\u00e3o, aumentar a conscientiza\u00e7\u00e3o, partilhar como filho a experi\u00eancia vivida pela minha fam\u00edlia, cooperar com a supera\u00e7\u00e3o do tabu em rela\u00e7\u00e3o ao tema, defender a vida e divulgar a preven\u00e7\u00e3o&#8221;, afirmou o padre L\u00edcio, membro da Associa\u00e7\u00e3o Brasileira de Estudos e Preven\u00e7\u00e3o ao Suic\u00eddio (ABEPS).<\/p>\n<p>Para o padre Gleison Lima, p\u00e1roco da Santo Ant\u00f4nio e Vig\u00e1rio Episcopal do Vicariato Litoral, o 4\u00ba Kair\u00f3s Maca\u00e9 \u00e9 uma oportunidade de conex\u00e3o com o divino e reflex\u00f5es sobre temas atuais que t\u00eam relev\u00e2ncia no dia a dia da fam\u00edlia e, sobretudo, dos jovens.<\/p>\n<p>&#8220;O Kair\u00f3s tem nos mostrado que as voca\u00e7\u00f5es florescem quando o momento \u00e9 oportuno, e quando h\u00e1 espa\u00e7o para refletir sobre os caminhos que Deus tem para cada um e o valor de nossa miss\u00e3o individual. Nesse evento, que \u00e9 voltado para a juventude e para as fam\u00edlias, reafirmamos o nosso compromisso com a valoriza\u00e7\u00e3o da vida e a nossa expectativa \u00e9 a de que todos os participantes experienciam o seu \u201ckair\u00f3s particular\u201d, o seu tempo de gra\u00e7a&#8221;, afirmou.<\/p>\n<p><strong>Atra\u00e7\u00f5es<\/strong><\/p>\n<p>Este ano, o 4\u00ba Kair\u00f3s Maca\u00e9 concentrar\u00e1 as suas atividades em apenas um dia \u2013 o \u00faltimo s\u00e1bado deste m\u00eas \u2013 e a programa\u00e7\u00e3o envolve tr\u00eas pilares: ora\u00e7\u00e3o, forma\u00e7\u00e3o e m\u00fasica. O encerramento ser\u00e1 com o rock crist\u00e3o da banda Rosa de Saron, em sua terceira participa\u00e7\u00e3o no evento.<\/p>\n<p>Al\u00e9m do show da banda Rosa de Saron, est\u00e3o entre as atra\u00e7\u00f5es o autor, articulista e jornalista credenciado \u00e0 Santa S\u00e9, Alexandre Varela; e a deputada federal e advogada pr\u00f3-vida e pr\u00f3-fam\u00edlia, Chris Tonietto. No espa\u00e7o ser\u00e3o realizados tamb\u00e9m workshops, rodas de conversa e testemunhos com convidados locais e participantes.<\/p>\n<p>Com o objetivo de assegurar a participa\u00e7\u00e3o do maior n\u00famero de fi\u00e9is, a organiza\u00e7\u00e3o reafirma o car\u00e1ter solid\u00e1rio do Kair\u00f3s Maca\u00e9, informando que a entrada ser\u00e1 atrav\u00e9s da doa\u00e7\u00e3o de 1 kg de alimento n\u00e3o perec\u00edvel.<\/p>\n<p>Consolidado como o maior evento cat\u00f3lico da regi\u00e3o, o Kair\u00f3s Maca\u00e9 re\u00fane fi\u00e9is de toda a Diocese de Nova Friburgo e espera receber participantes de todo o Estado do Rio de Janeiro. Mais informa\u00e7\u00f5es podem ser obtidas no site <a href=\"http:\/\/www.kairosmacae.com.br\/\" target=\"_blank\" rel=\"noopener noreferrer\">www.kairosmacae.com.br<\/a>; junto \u00e0 secretaria da Par\u00f3quia Santo Ant\u00f4nio, de segunda \u00e0 sexta, das 9h \u00e0s 13h e das 14h \u00e0s 19h, na Travessa Padre Pedro, 671, Visconde de Ara\u00fajo; por meio do telefone 2772-5149 ou atrav\u00e9s do e-mail <a href=\"mailto:psa.secretaria@gmail.com\">psa.secretaria@gmail.com<\/a>.<\/p>\n<p><a href=\"http:\/\/www.macae.rj.gov.br\/noticias\/leitura\/noticia\/4-kairos-macae-amplia-debate-sobre-o-fenomeno-do-suicidio\" target=\"_blank\" rel=\"noopener noreferrer\">Fonte: Prefeitura de Maca\u00e9<\/a><br \/>\nornalista: Nath\u00e1lia Br\u00edgida e Tiago Ferreira\/Pascom Santo Ant\u00f4nio<br \/>\n<b>Foto:<\/b> Arquivo Pascom Santo Ant\u00f4nio e Divulga\u00e7\u00e3o<\/p>\n","protected":false},"excerpt":{"rendered":"<p>A quarta edi\u00e7\u00e3o do Kair\u00f3s Maca\u00e9 ser\u00e1 promovida no dia 28, a partir das 14h, no Centro de Conven\u00e7\u00f5es Jornalista<\/p>\n","protected":false},"author":7,"featured_media":14488,"comment_status":"open","ping_status":"open","sticky":false,"template":"","format":"standard","meta":{"footnotes":""},"categories":[177],"tags":[288],"class_list":["post-14487","post","type-post","status-publish","format-standard","has-post-thumbnail","hentry","category-materias","tag-macae"],"_links":{"self":[{"href":"https:\/\/www.azullimao.com.br\/portal\/wp-json\/wp\/v2\/posts\/14487","targetHints":{"allow":["GET"]}}],"collection":[{"href":"https:\/\/www.azullimao.com.br\/portal\/wp-json\/wp\/v2\/posts"}],"about":[{"href":"https:\/\/www.azullimao.com.br\/portal\/wp-json\/wp\/v2\/types\/post"}],"author":[{"embeddable":true,"href":"https:\/\/www.azullimao.com.br\/portal\/wp-json\/wp\/v2\/users\/7"}],"replies":[{"embeddable":true,"href":"https:\/\/www.azullimao.com.br\/portal\/wp-json\/wp\/v2\/comments?post=14487"}],"version-history":[{"count":2,"href":"https:\/\/www.azullimao.com.br\/portal\/wp-json\/wp\/v2\/posts\/14487\/revisions"}],"predecessor-version":[{"id":14491,"href":"https:\/\/www.azullimao.com.br\/portal\/wp-json\/wp\/v2\/posts\/14487\/revisions\/14491"}],"wp:featuredmedia":[{"embeddable":true,"href":"https:\/\/www.azullimao.com.br\/portal\/wp-json\/wp\/v2\/media\/14488"}],"wp:attachment":[{"href":"https:\/\/www.azullimao.com.br\/portal\/wp-json\/wp\/v2\/media?parent=14487"}],"wp:term":[{"taxonomy":"category","embeddable":true,"href":"https:\/\/www.azullimao.com.br\/portal\/wp-json\/wp\/v2\/categories?post=14487"},{"taxonomy":"post_tag","embeddable":true,"href":"https:\/\/www.azullimao.com.br\/portal\/wp-json\/wp\/v2\/tags?post=14487"}],"curies":[{"name":"wp","href":"https:\/\/api.w.org\/{rel}","templated":true}]}}