{"id":14307,"date":"2019-08-29T16:53:46","date_gmt":"2019-08-29T19:53:46","guid":{"rendered":"http:\/\/www.azullimao.com.br\/portal\/?p=14307"},"modified":"2019-08-29T16:55:29","modified_gmt":"2019-08-29T19:55:29","slug":"criancas-de-5-a-10-anos-da-rede-municipal-de-macae-serao-vacinadas-contra-meningite","status":"publish","type":"post","link":"https:\/\/www.azullimao.com.br\/portal\/materias\/criancas-de-5-a-10-anos-da-rede-municipal-de-macae-serao-vacinadas-contra-meningite\/","title":{"rendered":"Crian\u00e7as de 5 a 10 anos da rede municipal de Maca\u00e9 ser\u00e3o vacinadas contra meningite"},"content":{"rendered":"<p>Na pr\u00f3xima segunda-feira (2), a Prefeitura de Maca\u00e9 iniciar\u00e1 a imuniza\u00e7\u00e3o das crian\u00e7as de 5 a 10 anos, matriculadas na rede municipal de ensino, contra quatro sorotipos da meningite bacteriana. Cerca de 25 mil doses da vacina foram adquiridas pela secretaria municipal de Sa\u00fade para realizar a mobiliza\u00e7\u00e3o, que seguir\u00e1 at\u00e9 o dia 25 de setembro.<\/p>\n<p>Os alunos desta faixa et\u00e1ria das Escolas Municipais de Educa\u00e7\u00e3o Infantil Hilda Ramos e Ana Benedicta, situadas no Centro, ser\u00e3o os primeiros a receber a vacina que protege contra os sorotipos A, C, W e Y da doen\u00e7a.<\/p>\n<p>De acordo com o cronograma definido pela secretaria de Sa\u00fade, a campanha ser\u00e1 realizada em 20 escolas da rede de ensino municipal. Os pais e respons\u00e1veis pelos alunos de 5 a 10 anos devem ficar atentos aos dias em que as equipes de imuniza\u00e7\u00e3o estar\u00e3o presentes nessas unidades.<\/p>\n<p>A estrat\u00e9gia definida pelo governo \u00e9 garantir que todas os alunos desta faixa et\u00e1ria sejam imunizadas contra os quatro sorotipos da meningite at\u00e9 o final de setembro. Atualmente, apenas o sorotipo C pertence ao quadro de campanhas permanentes realizadas pelo Minist\u00e9rio da Sa\u00fade.<\/p>\n<p>No m\u00eas passado, a prefeitura executou a a\u00e7\u00e3o de bloqueio contra a meningite tipo B, direcionada a vacina\u00e7\u00e3o de crian\u00e7as de 2 a 12 anos matriculadas nas escolas da rede municipal situadas na Nova Holanda, Nova Esperan\u00e7a, Barra e Fronteira. A mobiliza\u00e7\u00e3o foi definida ap\u00f3s o registro de casos da doen\u00e7a nessas \u00e1reas.<\/p>\n<p><strong><span style=\"color: #ff0000;\">Confira o cronograma de vacina\u00e7\u00e3o contra meningite tipo ACWY:<\/span><\/strong><\/p>\n<p><strong>Escola Data<\/strong><\/p>\n<p>EMEI Hilda Ramos 2\/9<\/p>\n<p>EMEI Ana Benedicta 2\/9<\/p>\n<p>E.M. Jofre Frossard 3\/9<\/p>\n<p>EMEI Leda Maria ledo 3\/9<\/p>\n<p>E.M. Interagir 4\/9<\/p>\n<p>E.M. Eda Moreira 9\/9<\/p>\n<p>E.M. Let\u00edcia Pe\u00e7anha de Aguiar 10\/9<\/p>\n<p>E.M. Professor Ant\u00f4nio Alvares Parada 11\/9<\/p>\n<p>E.E.M. Jacyra Tavares 16\/9<\/p>\n<p>E.M. Lions 17\/9<\/p>\n<p>E.M. Dolores Garcia 18\/9<\/p>\n<p>EMEI Andr\u00e9 Vinicius de Souza 18\/9<\/p>\n<p>EMEI Prof. Celita Reid 23\/9<\/p>\n<p>Ciep Maring\u00e1 23\/9<\/p>\n<p>E.M. Professora Sandra Maria 24\/9<\/p>\n<p>EMEI Professora Neiva Mariano 24\/9<\/p>\n<p>EMEI Maria Jos\u00e9 Ferreira Ramos 24\/9<\/p>\n<p>C.M. Ancyra Gon\u00e7alves 25\/9<\/p>\n<p>EMEI P. Arlete Ribeiro Jos\u00e9 25\/9<\/p>\n<p>C.M. Amil Tanos 25\/9<\/p>\n<p><a href=\"http:\/\/www.macae.rj.gov.br\/noticias\/leitura\/noticia\/criancas-de-5-a-10-anos-da-rede-municipal-serao-vacinadas-contra-meningite\" target=\"_blank\" rel=\"noopener noreferrer\"><strong>Fonte: Prefeitura de Maca\u00e9<\/strong><\/a><br \/>\nJornalista: M\u00e1rcio Siqueira &#8211; assessoria do gabinete<\/p>\n","protected":false},"excerpt":{"rendered":"<p>Na pr\u00f3xima segunda-feira (2), a Prefeitura de Maca\u00e9 iniciar\u00e1 a imuniza\u00e7\u00e3o das crian\u00e7as de 5 a 10 anos, matriculadas na<\/p>\n","protected":false},"author":7,"featured_media":14309,"comment_status":"open","ping_status":"open","sticky":false,"template":"","format":"standard","meta":{"footnotes":""},"categories":[177],"tags":[288],"class_list":["post-14307","post","type-post","status-publish","format-standard","has-post-thumbnail","hentry","category-materias","tag-macae"],"_links":{"self":[{"href":"https:\/\/www.azullimao.com.br\/portal\/wp-json\/wp\/v2\/posts\/14307","targetHints":{"allow":["GET"]}}],"collection":[{"href":"https:\/\/www.azullimao.com.br\/portal\/wp-json\/wp\/v2\/posts"}],"about":[{"href":"https:\/\/www.azullimao.com.br\/portal\/wp-json\/wp\/v2\/types\/post"}],"author":[{"embeddable":true,"href":"https:\/\/www.azullimao.com.br\/portal\/wp-json\/wp\/v2\/users\/7"}],"replies":[{"embeddable":true,"href":"https:\/\/www.azullimao.com.br\/portal\/wp-json\/wp\/v2\/comments?post=14307"}],"version-history":[{"count":5,"href":"https:\/\/www.azullimao.com.br\/portal\/wp-json\/wp\/v2\/posts\/14307\/revisions"}],"predecessor-version":[{"id":14313,"href":"https:\/\/www.azullimao.com.br\/portal\/wp-json\/wp\/v2\/posts\/14307\/revisions\/14313"}],"wp:featuredmedia":[{"embeddable":true,"href":"https:\/\/www.azullimao.com.br\/portal\/wp-json\/wp\/v2\/media\/14309"}],"wp:attachment":[{"href":"https:\/\/www.azullimao.com.br\/portal\/wp-json\/wp\/v2\/media?parent=14307"}],"wp:term":[{"taxonomy":"category","embeddable":true,"href":"https:\/\/www.azullimao.com.br\/portal\/wp-json\/wp\/v2\/categories?post=14307"},{"taxonomy":"post_tag","embeddable":true,"href":"https:\/\/www.azullimao.com.br\/portal\/wp-json\/wp\/v2\/tags?post=14307"}],"curies":[{"name":"wp","href":"https:\/\/api.w.org\/{rel}","templated":true}]}}