{"id":14282,"date":"2019-08-27T09:26:29","date_gmt":"2019-08-27T12:26:29","guid":{"rendered":"http:\/\/www.azullimao.com.br\/portal\/?p=14282"},"modified":"2019-08-27T09:26:29","modified_gmt":"2019-08-27T12:26:29","slug":"semana-comeca-com-200-vagas-de-emprego-em-macae","status":"publish","type":"post","link":"https:\/\/www.azullimao.com.br\/portal\/noticias-e-empregos\/semana-comeca-com-200-vagas-de-emprego-em-macae\/","title":{"rendered":"Semana come\u00e7a com 200 vagas de emprego em Maca\u00e9"},"content":{"rendered":"<p>A Secretaria de Desenvolvimento Econ\u00f4mico, Trabalho e Renda divulgou, nesta segunda-feira (26),\u00a0<a href=\"http:\/\/sistemas.macae.rj.gov.br:84\/semtre\/interno\/interno\/muralexterno.php\" target=\"_blank\" rel=\"noopener noreferrer\"><strong>lista com 200 vagas de emprego<\/strong><\/a>. As oportunidades s\u00e3o oferecidas por empresas parceiras do \u00f3rg\u00e3o. Corretor de im\u00f3veis, motorista carreteiro e projetista de instrumenta\u00e7\u00e3o est\u00e3o entre os destaques.<\/p>\n<p>Al\u00e9m do\u00a0<a href=\"http:\/\/www.macae.rj.gov.br\/TRABALHOERENDA\/conteudo\/titulo\/ao-trabalhador\" target=\"_blank\" rel=\"noopener noreferrer\"><strong>acesso pelo portal da Prefeitura<\/strong><\/a>, o interessado pode ir direto \u00e0 secretaria, na Rodovia Amaral Peixoto, s\/n, em frente ao Est\u00e1dio Cl\u00e1udio Moacyr, na Barra, de segunda a sexta-feira, das 8h \u00e0s 17h. A Secretaria de Desenvolvimento Econ\u00f4mico, Trabalho e Renda emite ainda carteiras de identidade e de trabalho. Para este servi\u00e7o, \u00e9 preciso agendamento pelo 0800.021.1138. Em seguida, o candidato deve comparecer ao \u00f3rg\u00e3o p\u00fablico. A documenta\u00e7\u00e3o necess\u00e1ria para cada servi\u00e7o est\u00e1 no site. Em caso de d\u00favida, o interessado pode ligar para 2763-6344.<\/p>\n<p>Fonte: Prefeitura de Maca\u00e9<br \/>\nJornalista: Equipe Secom<\/p>\n","protected":false},"excerpt":{"rendered":"<p>A Secretaria de Desenvolvimento Econ\u00f4mico, Trabalho e Renda divulgou, nesta segunda-feira (26),\u00a0lista com 200 vagas de emprego. As oportunidades s\u00e3o<\/p>\n","protected":false},"author":7,"featured_media":12751,"comment_status":"open","ping_status":"open","sticky":false,"template":"","format":"standard","meta":{"footnotes":""},"categories":[810],"tags":[288],"class_list":["post-14282","post","type-post","status-publish","format-standard","has-post-thumbnail","hentry","category-noticias-e-empregos","tag-macae"],"_links":{"self":[{"href":"https:\/\/www.azullimao.com.br\/portal\/wp-json\/wp\/v2\/posts\/14282","targetHints":{"allow":["GET"]}}],"collection":[{"href":"https:\/\/www.azullimao.com.br\/portal\/wp-json\/wp\/v2\/posts"}],"about":[{"href":"https:\/\/www.azullimao.com.br\/portal\/wp-json\/wp\/v2\/types\/post"}],"author":[{"embeddable":true,"href":"https:\/\/www.azullimao.com.br\/portal\/wp-json\/wp\/v2\/users\/7"}],"replies":[{"embeddable":true,"href":"https:\/\/www.azullimao.com.br\/portal\/wp-json\/wp\/v2\/comments?post=14282"}],"version-history":[{"count":1,"href":"https:\/\/www.azullimao.com.br\/portal\/wp-json\/wp\/v2\/posts\/14282\/revisions"}],"predecessor-version":[{"id":14283,"href":"https:\/\/www.azullimao.com.br\/portal\/wp-json\/wp\/v2\/posts\/14282\/revisions\/14283"}],"wp:featuredmedia":[{"embeddable":true,"href":"https:\/\/www.azullimao.com.br\/portal\/wp-json\/wp\/v2\/media\/12751"}],"wp:attachment":[{"href":"https:\/\/www.azullimao.com.br\/portal\/wp-json\/wp\/v2\/media?parent=14282"}],"wp:term":[{"taxonomy":"category","embeddable":true,"href":"https:\/\/www.azullimao.com.br\/portal\/wp-json\/wp\/v2\/categories?post=14282"},{"taxonomy":"post_tag","embeddable":true,"href":"https:\/\/www.azullimao.com.br\/portal\/wp-json\/wp\/v2\/tags?post=14282"}],"curies":[{"name":"wp","href":"https:\/\/api.w.org\/{rel}","templated":true}]}}