{"id":14230,"date":"2019-08-21T08:22:49","date_gmt":"2019-08-21T11:22:49","guid":{"rendered":"http:\/\/www.azullimao.com.br\/portal\/?p=14230"},"modified":"2019-08-21T08:22:49","modified_gmt":"2019-08-21T11:22:49","slug":"ceam-357-mulheres-atendidas-em-seis-meses-em-macae","status":"publish","type":"post","link":"https:\/\/www.azullimao.com.br\/portal\/materias\/ceam-357-mulheres-atendidas-em-seis-meses-em-macae\/","title":{"rendered":"Ceam: 357 mulheres atendidas em seis meses em Maca\u00e9"},"content":{"rendered":"<p>A \u00c1rea de Vigil\u00e2ncia e Preven\u00e7\u00e3o de Viol\u00eancias e Acidentes da Secretaria de Sa\u00fade, da Prefeitura de Maca\u00e9, realizou, na manh\u00e3 desta segunda-feira (19), reuni\u00e3o no audit\u00f3rio do Centro Administrativo Luiz Os\u00f3rio (Cealo) para lembrar o 13\u00ba anivers\u00e1rio da Lei Maria da Penha. A coordenadora do Centro Especializado de Atendimento \u00e0 Mulher (Ceam), Jane Roriz, informou que durante os seis primeiros meses desse ano foram registrados 357 novos atendimentos no Centro Especializado de Atendimento \u00e0 Mulher, ou seja, mulheres que foram ao local pela primeira vez.<\/p>\n<p>&#8220;No primeiro atendimento n\u00e3o d\u00e1 para avaliar as demandas dessa mulher e \u00e9 importante que ela receba as orienta\u00e7\u00f5es. N\u00e3o \u00e9 somente registrar o Boletim de Ocorr\u00eancia, \u00e9 todo um processo que dever\u00e1 ter andamento e os casos s\u00e3o acompanhados pela nossa equipe&#8221;, comentou.<\/p>\n<p>Ela explicou que a Lei Maria da Penha conceitua a viol\u00eancia dom\u00e9stica e familiar como aquela que causa \u00e0 mulher morte, les\u00e3o, sofrimento f\u00edsico, sexual ou psicol\u00f3gico e dano moral ou patrimonial.<\/p>\n<p>&#8220;A lei ainda \u00e9 nova, mas podemos dizer que tivemos muitos avan\u00e7os, como incluir dentro do conceito de viol\u00eancia, aquela praticada por pessoas que se relacionam com indiv\u00edduos do mesmo sexo, al\u00e9m de transexuais. Enfim, independente da orienta\u00e7\u00e3o sexual&#8221;, assinalou.<\/p>\n<p>Jane ressaltou tamb\u00e9m a import\u00e2ncia da atua\u00e7\u00e3o da Patrulha Maria da Penha, no cumprimento das medidas protetivas \u00e0 mulher que corre risco de morte ou amea\u00e7as.<\/p>\n<p>&#8220;Podemos ressaltar ainda, para auxiliar a Lei Maria da Penha, a Lei do Feminic\u00eddio, aprovada em 2015; o Descumprimento de Medida Protetiva, aprovada em 2018; em 2019 a de que policiais possam deferir medidas protetivas em locais onde n\u00e3o h\u00e1 comarcas e a \u00faltima a de que o Tribunal de Justi\u00e7a do Rio de Janeiro em conjunto com a Pol\u00edcia Militar do Estado do Rio de Janeiro, possa ter um destacamento exclusivo com policiais para atuar na Patrulha Maria da Penha&#8221;, destacou.<\/p>\n<p>A coordenadora da \u00c1rea de Vigil\u00e2ncia e Preven\u00e7\u00e3o de Viol\u00eancias e Acidentes, da Secretaria de Sa\u00fade da Prefeitura de Maca\u00e9, Ananda Resende, ressaltou, durante o encontro, sobre a import\u00e2ncia de se notificar os casos de viol\u00eancia junto ao Sistema de Informa\u00e7\u00e3o de Agravos de Notifica\u00e7\u00e3o (Sinan), para que esses dados sirvam de base na constru\u00e7\u00e3o de pol\u00edticas p\u00fablicas na preven\u00e7\u00e3o da viol\u00eancia, bem como na elabora\u00e7\u00e3o do Plano Plurianual do munic\u00edpio.<\/p>\n<p>&#8220;No ano de 2018 a nossa \u00e1rea notificou em todo o munic\u00edpio, 1.050 casos de viol\u00eancia, sendo que desses, 838 eram mulheres e a faixa et\u00e1ria com maior \u00edndice de viol\u00eancia s\u00e3o as que t\u00eam de 30 a 39 anos, com 216 casos. A viol\u00eancia f\u00edsica teve 470 notifica\u00e7\u00f5es sofridas grande parte por c\u00f4njuges, com um registro de 234 casos&#8221;, informou.<\/p>\n<p><strong>Programa\u00e7\u00e3o de combate \u00e0 viol\u00eancia contra mulher continua<\/strong><\/p>\n<p><strong>16 de setembro &#8211; <\/strong>&#8220;Conscientiza\u00e7\u00e3o do Dia Mundial de Combate ao Suic\u00eddio&#8221;.<\/p>\n<p><strong>14 de outubro &#8211; <\/strong>&#8220;Conscientiza\u00e7\u00e3o do Dia Nacional de Luta contra a Viol\u00eancia contra a Mulher&#8221;.<\/p>\n<p><strong>9 de dezembro &#8211; <\/strong>&#8220;Conscientiza\u00e7\u00e3o do Dia Nacional de Mobiliza\u00e7\u00e3o dos Homens Pelo Fim da Viol\u00eancia contra as Mulheres&#8221;.<\/p>\n<p><strong>Servi\u00e7o<\/strong><\/p>\n<p>A \u00c1rea T\u00e9cnica de Vigil\u00e2ncia e Preven\u00e7\u00e3o das Viol\u00eancias funciona no Centro Administrativo Luiz Os\u00f3rio (Cealo), antigo Hotel Ouro Negro. Mais informa\u00e7\u00f5es pelo telefone 2765-8700, ramal: 239, de segunda a sexta-feira, de 8h \u00e0s 17h.<\/p>\n<p>J\u00e1 o Centro Especializado de Atendimento \u00e0 Mulher (Ceam) fica na Rua S\u00e3o Jo\u00e3o, 33, ao lado da 123\u00aa Delegacia Legal. Mais informa\u00e7\u00f5es pelo telefone 2796-1045 e 2791-6620.<\/p>\n<p>Disque Mulher\/ Patrulha Maria da Penha: 0800-2822108.<\/p>\n<p>Pol\u00edcia Militar: 2765-7296 e 98168-2344.<\/p>\n<div id=\"content-news-photos-related\"><a href=\"http:\/\/www.macae.rj.gov.br\/noticias\/leitura\/noticia\/ceam-357-mulheres-atendidas-em-seis-meses\" target=\"_blank\" rel=\"noopener noreferrer\">Fonte: Prefeitura de Maca\u00e9<\/a><br \/>\nJornalista: Liliane Barboza<br \/>\n<b>Foto:<\/b> Ana Chaffin<\/div>\n","protected":false},"excerpt":{"rendered":"<p>A \u00c1rea de Vigil\u00e2ncia e Preven\u00e7\u00e3o de Viol\u00eancias e Acidentes da Secretaria de Sa\u00fade, da Prefeitura de Maca\u00e9, realizou, na<\/p>\n","protected":false},"author":7,"featured_media":14231,"comment_status":"open","ping_status":"open","sticky":false,"template":"","format":"standard","meta":{"footnotes":""},"categories":[177],"tags":[],"class_list":["post-14230","post","type-post","status-publish","format-standard","has-post-thumbnail","hentry","category-materias"],"_links":{"self":[{"href":"https:\/\/www.azullimao.com.br\/portal\/wp-json\/wp\/v2\/posts\/14230","targetHints":{"allow":["GET"]}}],"collection":[{"href":"https:\/\/www.azullimao.com.br\/portal\/wp-json\/wp\/v2\/posts"}],"about":[{"href":"https:\/\/www.azullimao.com.br\/portal\/wp-json\/wp\/v2\/types\/post"}],"author":[{"embeddable":true,"href":"https:\/\/www.azullimao.com.br\/portal\/wp-json\/wp\/v2\/users\/7"}],"replies":[{"embeddable":true,"href":"https:\/\/www.azullimao.com.br\/portal\/wp-json\/wp\/v2\/comments?post=14230"}],"version-history":[{"count":1,"href":"https:\/\/www.azullimao.com.br\/portal\/wp-json\/wp\/v2\/posts\/14230\/revisions"}],"predecessor-version":[{"id":14232,"href":"https:\/\/www.azullimao.com.br\/portal\/wp-json\/wp\/v2\/posts\/14230\/revisions\/14232"}],"wp:featuredmedia":[{"embeddable":true,"href":"https:\/\/www.azullimao.com.br\/portal\/wp-json\/wp\/v2\/media\/14231"}],"wp:attachment":[{"href":"https:\/\/www.azullimao.com.br\/portal\/wp-json\/wp\/v2\/media?parent=14230"}],"wp:term":[{"taxonomy":"category","embeddable":true,"href":"https:\/\/www.azullimao.com.br\/portal\/wp-json\/wp\/v2\/categories?post=14230"},{"taxonomy":"post_tag","embeddable":true,"href":"https:\/\/www.azullimao.com.br\/portal\/wp-json\/wp\/v2\/tags?post=14230"}],"curies":[{"name":"wp","href":"https:\/\/api.w.org\/{rel}","templated":true}]}}