{"id":14227,"date":"2019-08-20T09:15:14","date_gmt":"2019-08-20T12:15:14","guid":{"rendered":"http:\/\/www.azullimao.com.br\/portal\/?p=14227"},"modified":"2019-08-20T09:15:54","modified_gmt":"2019-08-20T12:15:54","slug":"macae-pronta-para-receber-a-42a-unidade-diocesana-dia-31-de-agosto","status":"publish","type":"post","link":"https:\/\/www.azullimao.com.br\/portal\/materias\/macae-pronta-para-receber-a-42a-unidade-diocesana-dia-31-de-agosto\/","title":{"rendered":"Maca\u00e9 pronta para receber a 42\u00aa Unidade Diocesana dia  31 de agosto"},"content":{"rendered":"<p>Seis anos depois, Maca\u00e9 volta a receber um dos maiores eventos da Diocese de Nova Friburgo. No dia 31 de agosto, no Centro de Conven\u00e7\u00f5es Jornalista Roberto Marinho, s\u00e3o esperados mais de 8 mil fi\u00e9is para a 42\u00aa Unidade Diocesana. Com o tema \u201cCom nossos talentos constru\u00edmos a unidade\u201d, o objetivo do evento \u00e9 o de unir, agregar e fortalecer o v\u00ednculo entre as 60 par\u00f3quias dos 19 munic\u00edpios do territ\u00f3rio diocesano.<\/p>\n<p>A \u00faltima vez que Maca\u00e9 sediou uma edi\u00e7\u00e3o da Unidade Diocesana foi em 2013 e organizada pela Par\u00f3quia Santo Ant\u00f4nio. Desta vez, a anfitri\u00e3 ser\u00e1 a Par\u00f3quia S\u00e3o Jo\u00e3o Batista, conduzida pelo padre Jos\u00e9 Luiz Bustamante, que est\u00e1 h\u00e1 29 anos \u00e0 frente de sua comunidade. Na Santa Missa de encerramento do evento, presidida pelo Bispo Diocesano, Dom Edney Gouv\u00eaa Mattoso, o p\u00e1roco receber\u00e1 uma homenagem especial, com o t\u00edtulo de Monsenhor, designa\u00e7\u00e3o eclesi\u00e1stica de honra conferida pelo Papa a sacerdotes da Igreja Cat\u00f3lica por servi\u00e7os prestados \u00e0 Igreja ou pelo exerc\u00edcio de fun\u00e7\u00f5es eclesi\u00e1sticas de governo ou de diplomacia.<\/p>\n<p>Realizada anualmente no \u00faltimo s\u00e1bado do m\u00eas de agosto, a Unidade Diocesana \u00e9 um momento de integra\u00e7\u00e3o, comunh\u00e3o, partilha, forma\u00e7\u00e3o, descontra\u00e7\u00e3o, espiritualidade e ora\u00e7\u00e3o entre os participantes. A programa\u00e7\u00e3o deste ano inclui palestras, workshops e shows cat\u00f3licos para os peregrinos, com destaque para a cantora e pregadora Zez\u00e9 Luz, do Movimento Pr\u00f3-Vida. Haver\u00e1 tamb\u00e9m espa\u00e7os para adora\u00e7\u00e3o ao Sant\u00edssimo Sacramento, confiss\u00f5es, al\u00e9m da pra\u00e7a de alimenta\u00e7\u00e3o.<\/p>\n<p>&#8220;Queremos fazer uma recep\u00e7\u00e3o calorosa. \u00c9 o momento de estarmos juntos em um interc\u00e2mbio de cultura, f\u00e9 e encontro fraterno. E esta edi\u00e7\u00e3o, que estamos preparando com muito carinho, \u00e9 a grande oportunidade para os fi\u00e9is fortalecerem a uni\u00e3o entre todas as par\u00f3quias da Diocese de Nova Friburgo&#8221;, disse o padre Jos\u00e9 Luiz.<\/p>\n<p>As reuni\u00f5es para a 42\u00aa Unidade Diocesana foram iniciadas em 30 de janeiro deste ano, com as coordena\u00e7\u00f5es das equipes colaboradoras. O n\u00famero expressivo de volunt\u00e1rios mostrou o qu\u00e3o cada um est\u00e1 empenhado em servir a Deus atrav\u00e9s desse evento t\u00e3o importante para a Diocese. Deste ent\u00e3o, outros encontros foram realizados e os interessados em colaborar na realiza\u00e7\u00e3o da Unidade devem procurar a secretaria especial, que funciona na Par\u00f3quia S\u00e3o Jo\u00e3o Batista, situada na Rua Prefeito Moreira Neto, 72, Centro &#8211; Maca\u00e9, ou pelo telefone 2762-1608.<\/p>\n<p><strong>Logotipo oficial<\/strong><\/p>\n<p>O logotipo oficial da 42\u00aa Unidade Diocesana foi lan\u00e7ado em 19 de mar\u00e7o, dia de S\u00e3o Jos\u00e9, pela equipe de comunica\u00e7\u00e3o, juntamente com a coordena\u00e7\u00e3o local do evento. A arte, desenvolvida pela publicit\u00e1ria, designer gr\u00e1fico e coordenadora de comunica\u00e7\u00e3o do evento, Fl\u00e1via Borba, traz importante mensagem que sintetiza o tema escolhido: \u201cCom nossos talentos, constru\u00edmos a Unidade\u201d, em refer\u00eancia \u00e0 par\u00e1bola dos talentos.<\/p>\n<p>O s\u00edmbolo foi desenvolvido sob a \u00f3tica de que com a uni\u00e3o de todos, com seus talentos diversos, est\u00e3o unidos \u00e0 Cruz de Cristo. As tr\u00eas cores escolhidas simbolizam os tr\u00eas Vicariatos Episcopais (o azul representa o Vicariato Litoral; o verde o Vicariato Sede e o laranja o Vicariato Norte) e t\u00eam como refer\u00eancia as tonalidades utilizadas na arte da Campanha da Fraternidade deste ano.<\/p>\n<p>Mais informa\u00e7\u00f5es sobre a 42\u00aa Unidade Diocesana podem ser obtidas no <a href=\"http:\/\/www.diocesenf.org.br\/\" target=\"_blank\" rel=\"noopener noreferrer\"><strong>site da Diocese de Nova Friburgo<\/strong><\/a> ou na <a href=\"https:\/\/www.facebook.com\/vicariatolitoraldnf\" target=\"_blank\" rel=\"noopener noreferrer\"><strong>p\u00e1gina do Vicariato Litoral no Facebook<\/strong><\/a>.<\/p>\n<p><a href=\"http:\/\/www.macae.rj.gov.br\/noticias\/leitura\/noticia\/macae-pronta-para-receber-a-42-unidade-diocesana\" target=\"_blank\" rel=\"noopener noreferrer\">Fonte: Prefeitura de Maca\u00e9<\/a><br \/>\nJornalista: Tiago Ferreira &#8211; equipe Comunica\u00e7\u00e3o Unidade Dioces<br \/>\n<b>Foto:<\/b> Fl\u00e1via Borba<\/p>\n","protected":false},"excerpt":{"rendered":"<p>Seis anos depois, Maca\u00e9 volta a receber um dos maiores eventos da Diocese de Nova Friburgo. No dia 31 de<\/p>\n","protected":false},"author":7,"featured_media":14229,"comment_status":"open","ping_status":"open","sticky":false,"template":"","format":"standard","meta":{"footnotes":""},"categories":[177],"tags":[],"class_list":["post-14227","post","type-post","status-publish","format-standard","has-post-thumbnail","hentry","category-materias"],"_links":{"self":[{"href":"https:\/\/www.azullimao.com.br\/portal\/wp-json\/wp\/v2\/posts\/14227","targetHints":{"allow":["GET"]}}],"collection":[{"href":"https:\/\/www.azullimao.com.br\/portal\/wp-json\/wp\/v2\/posts"}],"about":[{"href":"https:\/\/www.azullimao.com.br\/portal\/wp-json\/wp\/v2\/types\/post"}],"author":[{"embeddable":true,"href":"https:\/\/www.azullimao.com.br\/portal\/wp-json\/wp\/v2\/users\/7"}],"replies":[{"embeddable":true,"href":"https:\/\/www.azullimao.com.br\/portal\/wp-json\/wp\/v2\/comments?post=14227"}],"version-history":[{"count":1,"href":"https:\/\/www.azullimao.com.br\/portal\/wp-json\/wp\/v2\/posts\/14227\/revisions"}],"predecessor-version":[{"id":14228,"href":"https:\/\/www.azullimao.com.br\/portal\/wp-json\/wp\/v2\/posts\/14227\/revisions\/14228"}],"wp:featuredmedia":[{"embeddable":true,"href":"https:\/\/www.azullimao.com.br\/portal\/wp-json\/wp\/v2\/media\/14229"}],"wp:attachment":[{"href":"https:\/\/www.azullimao.com.br\/portal\/wp-json\/wp\/v2\/media?parent=14227"}],"wp:term":[{"taxonomy":"category","embeddable":true,"href":"https:\/\/www.azullimao.com.br\/portal\/wp-json\/wp\/v2\/categories?post=14227"},{"taxonomy":"post_tag","embeddable":true,"href":"https:\/\/www.azullimao.com.br\/portal\/wp-json\/wp\/v2\/tags?post=14227"}],"curies":[{"name":"wp","href":"https:\/\/api.w.org\/{rel}","templated":true}]}}