{"id":14181,"date":"2019-08-14T09:17:39","date_gmt":"2019-08-14T12:17:39","guid":{"rendered":"http:\/\/www.azullimao.com.br\/portal\/?p=14181"},"modified":"2019-08-14T09:17:39","modified_gmt":"2019-08-14T12:17:39","slug":"semana-comeca-com-184-vagas-de-empregos-em-macae","status":"publish","type":"post","link":"https:\/\/www.azullimao.com.br\/portal\/noticias-e-empregos\/semana-comeca-com-184-vagas-de-empregos-em-macae\/","title":{"rendered":"Semana come\u00e7a com 184 vagas de empregos em Maca\u00e9"},"content":{"rendered":"<p>Cento e oitenta e quatro vagas est\u00e3o sendo divulgadas pela Secretaria de Desenvolvimento Econ\u00f4mico, Trabalho e Renda nesta segunda-feira (12). As oportunidades s\u00e3o de empresas parceiras do \u00f3rg\u00e3o. Entre os destaques est\u00e3o motorista carreteiro, planejador e projetista de instrumenta\u00e7\u00e3o. A lista completa est\u00e1 dispon\u00edvel no site da prefeitura\u00a0<strong><a href=\"http:\/\/www.macae.rj.gov.br\/TRABALHOERENDA\/conteudo\/titulo\/ao-trabalhador\" target=\"_blank\" rel=\"noopener noreferrer\">macae.rj.gov.br<\/a><\/strong>.<\/p>\n<p>Al\u00e9m do acesso pelo portal, o interessado pode ir direto \u00e0 secretaria, na Rodovia Amaral Peixoto, s\/n, em frente ao Est\u00e1dio Cl\u00e1udio Moacyr, na Barra, de segunda a sexta-feira, das 8h \u00e0s 17h. A Secretaria de Desenvolvimento Econ\u00f4mico, Trabalho e Renda emite ainda carteiras de identidade e de trabalho. Para este servi\u00e7o, \u00e9 preciso agendamento pelo 0800.021.1138. Em seguida, o candidato deve comparecer ao \u00f3rg\u00e3o p\u00fablico. A documenta\u00e7\u00e3o necess\u00e1ria para cada servi\u00e7o est\u00e1 no site. Em caso de d\u00favida, o interessado pode ligar para 2763-6344.<\/p>\n<p><strong><a href=\"http:\/\/sistemas.macae.rj.gov.br:84\/semtre\/interno\/interno\/muralexterno.php\" target=\"_blank\" rel=\"noopener noreferrer\">Confira aqui a lista completa.<\/a><\/strong><\/p>\n<p>Fonte: Prefeitura de Maca\u00e9<br \/>\nJornalista: Equipe Secom<\/p>\n","protected":false},"excerpt":{"rendered":"<p>Cento e oitenta e quatro vagas est\u00e3o sendo divulgadas pela Secretaria de Desenvolvimento Econ\u00f4mico, Trabalho e Renda nesta segunda-feira (12).<\/p>\n","protected":false},"author":7,"featured_media":12751,"comment_status":"open","ping_status":"open","sticky":false,"template":"","format":"standard","meta":{"footnotes":""},"categories":[810],"tags":[288],"class_list":["post-14181","post","type-post","status-publish","format-standard","has-post-thumbnail","hentry","category-noticias-e-empregos","tag-macae"],"_links":{"self":[{"href":"https:\/\/www.azullimao.com.br\/portal\/wp-json\/wp\/v2\/posts\/14181","targetHints":{"allow":["GET"]}}],"collection":[{"href":"https:\/\/www.azullimao.com.br\/portal\/wp-json\/wp\/v2\/posts"}],"about":[{"href":"https:\/\/www.azullimao.com.br\/portal\/wp-json\/wp\/v2\/types\/post"}],"author":[{"embeddable":true,"href":"https:\/\/www.azullimao.com.br\/portal\/wp-json\/wp\/v2\/users\/7"}],"replies":[{"embeddable":true,"href":"https:\/\/www.azullimao.com.br\/portal\/wp-json\/wp\/v2\/comments?post=14181"}],"version-history":[{"count":1,"href":"https:\/\/www.azullimao.com.br\/portal\/wp-json\/wp\/v2\/posts\/14181\/revisions"}],"predecessor-version":[{"id":14182,"href":"https:\/\/www.azullimao.com.br\/portal\/wp-json\/wp\/v2\/posts\/14181\/revisions\/14182"}],"wp:featuredmedia":[{"embeddable":true,"href":"https:\/\/www.azullimao.com.br\/portal\/wp-json\/wp\/v2\/media\/12751"}],"wp:attachment":[{"href":"https:\/\/www.azullimao.com.br\/portal\/wp-json\/wp\/v2\/media?parent=14181"}],"wp:term":[{"taxonomy":"category","embeddable":true,"href":"https:\/\/www.azullimao.com.br\/portal\/wp-json\/wp\/v2\/categories?post=14181"},{"taxonomy":"post_tag","embeddable":true,"href":"https:\/\/www.azullimao.com.br\/portal\/wp-json\/wp\/v2\/tags?post=14181"}],"curies":[{"name":"wp","href":"https:\/\/api.w.org\/{rel}","templated":true}]}}