{"id":14069,"date":"2019-07-30T12:23:41","date_gmt":"2019-07-30T15:23:41","guid":{"rendered":"http:\/\/www.azullimao.com.br\/portal\/?p=14069"},"modified":"2019-07-30T12:51:34","modified_gmt":"2019-07-30T15:51:34","slug":"macaenses-ganham-centro-de-especialidades-medicas-dona-alba","status":"publish","type":"post","link":"https:\/\/www.azullimao.com.br\/portal\/materias\/macaenses-ganham-centro-de-especialidades-medicas-dona-alba\/","title":{"rendered":"Macaenses ganham Centro de Especialidades M\u00e9dicas Dona Alba"},"content":{"rendered":"<div>Superando a crise e melhorando a vida da pessoas. \u00c9 com esse lema que a Prefeitura de Maca\u00e9 inaugurou nesta segunda-feira (29), no dia do anivers\u00e1rio de 206 anos da cidade, o Centro de Especialidades M\u00e9dicas Dona Alba. O local, que antigamente abrigava a malharia Bariloche, na rua Governador Roberto Silveira n\u00ba 427, hoje se torna um dos mais completos projetos de assist\u00eancia p\u00fablica em sa\u00fade, levando o legado da homenageada e dona da antiga f\u00e1brica, Alba Corral: o cuidar com amor. Anexo ao pr\u00e9dio central funcionar\u00e1 tamb\u00e9m o Centro de Reabilita\u00e7\u00e3o Dona Sid Carvalho.<\/div>\n<p>&#8221;Acredito que Dona Alba represente os melhores sentimentos. Poucas pessoas olharam para ela e n\u00e3o viram a caridade em pessoa. E isso foi ao longo da sua vida. Associar o esp\u00edrito de caridade de Dona Alba com o esp\u00edrito de trabalho que representa a fam\u00edlia Carvalho, torna esse lugar imbat\u00edvel. Caridade e trabalho quando se associam s\u00e3o capazes de mudar uma sociedade, de curar. Esse espa\u00e7o n\u00e3o \u00e9 simplesmente assistencial, \u00e9 um espa\u00e7o de amor, de cuidado, de carinho e que cada um que entre aqui possa receber um pouco do esp\u00edrito de Dona Alba e de Dona Sid&#8221;, disse o prefeito Dr. Aluizio.<\/p>\n<p>Com 5.767 m2, o Centro de Especialidades M\u00e9dicas disp\u00f5e de 38 consult\u00f3rios para atendimento de 27 especialidades m\u00e9dicas.<\/p>\n<p>&#8221;Eu e minha equipe estamos aqui para deixar um legado para o munic\u00edpio. Foram meses trabalhando nesse sonho que hoje estamos realizando. \u00c9 um orgulho oferecer um servi\u00e7o de qualidade \u00e0 popula\u00e7\u00e3o macaense. Um misto de felicidade e gratid\u00e3o&#8221;, disse emocianada a secret\u00e1ria de sa\u00fade, Deusilane Galiza.<\/p>\n<p>O local abrigar\u00e1 tamb\u00e9m a Coordenadoria de Controle, Avalia\u00e7\u00e3o e Auditoria e uma Farm\u00e1cia Popular, um presente para a popula\u00e7\u00e3o.<\/p>\n<p>&#8221;\u00c9 maravilhoso esse novo espa\u00e7o, f\u00e1cil acesso, na regi\u00e3o central da cidade. Todos sabem aonde funcionava a antiga Bariloche&#8221;, disse a aposentada, Altina Pinheiro, que fez quest\u00e3o de acompanhar a inaugura\u00e7\u00e3o.<\/p>\n<p>Para Vera L\u00facia Brand\u00e3o, olhar a antiga f\u00e1brica, local onde trabalhou, se transformar em um local de assist\u00eancia m\u00e9dica \u00e9 emocionante. &#8221;Sou macaense e cresci aqui, trabalhei na antiga Bariloche, e hoje \u00e9 muito bom ver o que ela se tornou. E, ainda por cima, vou poder desfrutar desse cuidado, perto de casa&#8221;, disse a aposentada referindo-se \u00e0 farm\u00e1cia popular que, a partir de agora estar\u00e1 mais pr\u00f3xima.<\/p>\n<p>Na solenidade, estavam presentes os familiares das homenageadas Alba Corral e Sid Carvalho, os vereadores Cristiano de Almeida, Luiz Fernando, Marcio Barcelos, Marcio Bittencourt e Nilton Cesar Pereira. Em seu discurso, o vereador e tamb\u00e9m m\u00e9dico, Dr. Marcio Barcelos, elogiou o local.<\/p>\n<p>&#8220;N\u00e3o existe nenhuma estrutura como essa no Estado do Rio de Janeiro. Que seja um local bem humanizado, porque, al\u00e9m de efici\u00eancia \u00e9 preciso ser humano. Estou gratificado como macaense, por voc\u00ea ter feito isso para essa popula\u00e7\u00e3o&#8221;, disse o vereador ao prefeito Dr. Aluizio. Concordando com o colega, o vereador Marcio Bittencourt, afirmou n\u00e3o ver a hora de poder atender no local.<\/p>\n<p>&#8221;\u00c9 um imenso prazer estar aqui hoje. Esse espa\u00e7o \u00e9 fant\u00e1stico. Parabenizo pela execu\u00e7\u00e3o do projeto e espero atender aqui o mais breve poss\u00edvel&#8221;, disse o vereador e m\u00e9dico, Dr. M\u00e1rcio Bittencourt.<\/p>\n<p>O Centro de Especialidades Dona Alba funcionar\u00e1 de segunda a sexta-feira, das 7h \u00e0s 20h. O local contar\u00e1 com atendimento nas especialidade m\u00e9dicas de alergologia, angiologia, cardiologia, cirurgia de cabe\u00e7a e pesco\u00e7o, dermatologia, endocrinologia, gastroenterologia, geriatria, ginecologia, hematologia, homeopatia, infectologia, mastologia, naturologia, nefrologia, neurologia, oftalmologia, otorrinolaringologia, ortopedia, pneumologia, proctologia, reumatologia, urologia, ambulat\u00f3rio especializado em obesidade, polo de oncologia. Ter\u00e1 tamb\u00e9m uma sala para a realiza\u00e7\u00e3o de pequenas cirurgias, cinco salas para a realiza\u00e7\u00e3o de exames diagn\u00f3sticos como eletrocardiograma, eletroencefalograma, audiometria, impedanciometria e um centro de imagens com cinco salas para a realiza\u00e7\u00e3o de mamografia, ultrassonografia, ecodoppler, raio x e endoscopia.<\/p>\n<p>J\u00e1 o Centro de Reabilita\u00e7\u00e3o e Pr\u00e1ticas Integrativas contar\u00e1 com um gin\u00e1sio de reabilita\u00e7\u00e3o, com 80m2, dez salas para atendimento de fisioterapia, terapia ocupacional, fonoaudiologia, psicologia, nutri\u00e7\u00e3o, servi\u00e7o social, auriculoterapia, acupuntura, massoterapia, servi\u00e7o de ostomia e de \u00f3rtese e pr\u00f3tese.<\/p>\n<p><strong>Dona Alba<\/strong><\/p>\n<p>Alba Corral chegou a Maca\u00e9 na d\u00e9cada de 50, com o marido M\u00e1rio Angel Corral, com quem teve tr\u00eas filhos. Fundaram a f\u00e1brica de tecidos Bariloche, ind\u00fastria que muito empregou, chegando a exportar para a Europa. Foi vereadora e ficou conhecida na cidade por seus trabalhos sociais na Igreja Cat\u00f3lica e pelo tratamento humanizado dado aos funcion\u00e1rios que tivessem filhos, especialmente \u00e0s mulheres.<\/p>\n<p><a href=\"http:\/\/www.macae.rj.gov.br\/noticias\/leitura\/noticia\/macaenses-ganham-centro-de-especialidades-medicas-dona-alba\" target=\"_blank\" rel=\"noopener noreferrer\">Fonte: Prefeitura de Maca\u00e9<\/a><br \/>\nJornalista: Equipe Secom<br \/>\n<b>Foto:<\/b> Rui Porto Filho<\/p>\n","protected":false},"excerpt":{"rendered":"<p>Superando a crise e melhorando a vida da pessoas. \u00c9 com esse lema que a Prefeitura de Maca\u00e9 inaugurou nesta<\/p>\n","protected":false},"author":7,"featured_media":14070,"comment_status":"open","ping_status":"open","sticky":false,"template":"","format":"standard","meta":{"footnotes":""},"categories":[177],"tags":[279,288],"class_list":["post-14069","post","type-post","status-publish","format-standard","has-post-thumbnail","hentry","category-materias","tag-blocos-de-macae","tag-macae"],"_links":{"self":[{"href":"https:\/\/www.azullimao.com.br\/portal\/wp-json\/wp\/v2\/posts\/14069","targetHints":{"allow":["GET"]}}],"collection":[{"href":"https:\/\/www.azullimao.com.br\/portal\/wp-json\/wp\/v2\/posts"}],"about":[{"href":"https:\/\/www.azullimao.com.br\/portal\/wp-json\/wp\/v2\/types\/post"}],"author":[{"embeddable":true,"href":"https:\/\/www.azullimao.com.br\/portal\/wp-json\/wp\/v2\/users\/7"}],"replies":[{"embeddable":true,"href":"https:\/\/www.azullimao.com.br\/portal\/wp-json\/wp\/v2\/comments?post=14069"}],"version-history":[{"count":1,"href":"https:\/\/www.azullimao.com.br\/portal\/wp-json\/wp\/v2\/posts\/14069\/revisions"}],"predecessor-version":[{"id":14071,"href":"https:\/\/www.azullimao.com.br\/portal\/wp-json\/wp\/v2\/posts\/14069\/revisions\/14071"}],"wp:featuredmedia":[{"embeddable":true,"href":"https:\/\/www.azullimao.com.br\/portal\/wp-json\/wp\/v2\/media\/14070"}],"wp:attachment":[{"href":"https:\/\/www.azullimao.com.br\/portal\/wp-json\/wp\/v2\/media?parent=14069"}],"wp:term":[{"taxonomy":"category","embeddable":true,"href":"https:\/\/www.azullimao.com.br\/portal\/wp-json\/wp\/v2\/categories?post=14069"},{"taxonomy":"post_tag","embeddable":true,"href":"https:\/\/www.azullimao.com.br\/portal\/wp-json\/wp\/v2\/tags?post=14069"}],"curies":[{"name":"wp","href":"https:\/\/api.w.org\/{rel}","templated":true}]}}