{"id":14060,"date":"2019-07-28T20:03:57","date_gmt":"2019-07-28T23:03:57","guid":{"rendered":"http:\/\/www.azullimao.com.br\/portal\/?p=14060"},"modified":"2019-07-28T20:03:57","modified_gmt":"2019-07-28T23:03:57","slug":"volta-as-aulas-sera-dia-31-na-rede-municipal","status":"publish","type":"post","link":"https:\/\/www.azullimao.com.br\/portal\/materias\/volta-as-aulas-sera-dia-31-na-rede-municipal\/","title":{"rendered":"Volta \u00e0s aulas ser\u00e1 dia 31 na rede municipal"},"content":{"rendered":"<p>O recesso na rede municipal de ensino encerra na segunda-feira (29), data do desfile de 206 anos de funda\u00e7\u00e3o da vila de Maca\u00e9, na Imbetiba. Em virtude da realiza\u00e7\u00e3o de reuni\u00f5es pedag\u00f3gicas de abertura do segundo semestre na ter\u00e7a-feira (30), a volta \u00e0s aulas ser\u00e1 na quarta-feira (31). Cerca de 40 mil alunos da Educa\u00e7\u00e3o Infantil, Ensino Fundamental e M\u00e9dio est\u00e3o sendo esperados nas escolas municipais.<\/p>\n<p>O retorno das atividades tamb\u00e9m ser\u00e1 no Pr\u00e9 Vestibular Social e as unidades do Centro Municipal de Atendimento Especializado ao Escolar (Cemeaes), que funcionam no Centro, Barra, Parque Aeroporto e regi\u00e3o serrana, em C\u00f3rrego do Ouro. O terceiro bimestre letivo come\u00e7a na quarta-feira (31) e segue at\u00e9 dia 30 de setembro. J\u00e1 o \u00faltimo, o quarto bimestre encerra no dia 20 de dezembro.<\/p>\n<p>Escolas que receberam a vacina\u00e7\u00e3o contra a meningite B no per\u00edodo do recesso das demais, retornar\u00e3o , descontando os dias da vacina\u00e7\u00e3o, ou seja ampliando os dias de f\u00e9rias ,de acordo com o funcionamento das unidades exclusivo para a imuniza\u00e7\u00e3o.<\/p>\n<p><strong>Reuni\u00e3o pedag\u00f3gica<\/strong><\/p>\n<p>Durante os encontros da ter\u00e7a-feira (30), cada escola seguir\u00e1 uma pauta espec\u00edfica de acordo com o projeto pol\u00edtico pedag\u00f3gico (PPP). Na oportunidade, haver\u00e1 an\u00e1lise e discuss\u00e3o coletiva sobre o projeto. Tamb\u00e9m podem acontecer atualiza\u00e7\u00e3o do PPP e planejamento do que ser\u00e1 executado no decorrer do segundo semestre. A indica\u00e7\u00e3o da Secretaria de Educa\u00e7\u00e3o \u00e9 que o documento seja renovado a cada dois anos.<\/p>\n<p>Para as escolas que atendem estudantes do 1\u00ba ao 9\u00ba ano, a Superintend\u00eancia de Ensino Fundamental solicitou o debate sobre o tema &#8220;Bullying&#8221; junto aos profissionais de ensino. Para o estudo, foi encaminhada a Lei 13.185\/2015. A ocasi\u00e3o tamb\u00e9m deve contar com apresenta\u00e7\u00f5es de v\u00eddeos do Canal &#8220;Senado Federal&#8221;, quanto ao projeto que define os oito tipos de bullying, que devem ser evitados no espa\u00e7o escolar.<\/p>\n<p><strong>Calend\u00e1rio<\/strong><\/p>\n<p>O calend\u00e1rio letivo est\u00e1 diversificado com eventos e atividades que ser\u00e3o ministradas nas escolas da \u00e1rea central, bairros e regi\u00e3o serrana. Em agosto, ser\u00e1 comemorado o Dia do Estudante, no dia 9, e haver\u00e1 os Jogos Estudantis das Escolas Municipais, de 26 a 31. Tamb\u00e9m vai acontecer o Jeem-Atletismo no dia 28 de agosto, no Forte Marechal Hermes.<\/p>\n<p>Para o m\u00eas de setembro est\u00e3o previstas a Prova Maca\u00e9 (3 e 4), Feira de Ci\u00eancias nas escolas (9 e 10), Ama (12 e 13), e Semana de Educa\u00e7\u00e3o Inclusiva, de 16 a 20. Em outubro, est\u00e3o marcados a Semana da Crian\u00e7a, de 1 a 4, Programa\u00e7\u00e3o das Crian\u00e7as nas escolas (7 a 11) e Feira das Ci\u00eancias de Maca\u00e9 (Fecimac), no dia 10.<\/p>\n<p>No m\u00eas de novembro haver\u00e1 mostras culturais Nossas Ra\u00edzes- que junto aos alunos da Educa\u00e7\u00e3o Infantil, ser\u00e1 no dia 26 e com os estudantes do Ensino Fundamental e M\u00e9dio, no dia 27. Tamb\u00e9m ser\u00e1 aplicada a Ama, entre os dias 28 e 29.<\/p>\n<p>Conforme a portaria n\u00ba 001\/2019 da Secretaria Municipal Adjunta de Educa\u00e7\u00e3o B\u00e1sica (Semaeb), o calend\u00e1rio escolar, se necess\u00e1rio, poder\u00e1 sofrer altera\u00e7\u00e3o ou adequa\u00e7\u00e3o, em conformidade com as peculiaridades locais e atividades previstas na unidade escolar, desde que dentro do bimestre, com acompanhamento da coordena\u00e7\u00e3o de Regula\u00e7\u00e3o da Educa\u00e7\u00e3o B\u00e1sica e Dados Educacionais e autoriza\u00e7\u00e3o da Secretaria Adjunta de Educa\u00e7\u00e3o B\u00e1sica.<\/p>\n<p><a href=\"https:\/\/www.azullimao.com.br\/portal\/wp-admin\/post-new.php\" target=\"_blank\" rel=\"noopener noreferrer\">Fonte: Prefeitura de Maca\u00e9<\/a><br \/>\nJornalista: Joice Trindade<\/p>\n","protected":false},"excerpt":{"rendered":"<p>O recesso na rede municipal de ensino encerra na segunda-feira (29), data do desfile de 206 anos de funda\u00e7\u00e3o da<\/p>\n","protected":false},"author":7,"featured_media":14061,"comment_status":"open","ping_status":"open","sticky":false,"template":"","format":"standard","meta":{"footnotes":""},"categories":[177],"tags":[288],"class_list":["post-14060","post","type-post","status-publish","format-standard","has-post-thumbnail","hentry","category-materias","tag-macae"],"_links":{"self":[{"href":"https:\/\/www.azullimao.com.br\/portal\/wp-json\/wp\/v2\/posts\/14060","targetHints":{"allow":["GET"]}}],"collection":[{"href":"https:\/\/www.azullimao.com.br\/portal\/wp-json\/wp\/v2\/posts"}],"about":[{"href":"https:\/\/www.azullimao.com.br\/portal\/wp-json\/wp\/v2\/types\/post"}],"author":[{"embeddable":true,"href":"https:\/\/www.azullimao.com.br\/portal\/wp-json\/wp\/v2\/users\/7"}],"replies":[{"embeddable":true,"href":"https:\/\/www.azullimao.com.br\/portal\/wp-json\/wp\/v2\/comments?post=14060"}],"version-history":[{"count":1,"href":"https:\/\/www.azullimao.com.br\/portal\/wp-json\/wp\/v2\/posts\/14060\/revisions"}],"predecessor-version":[{"id":14062,"href":"https:\/\/www.azullimao.com.br\/portal\/wp-json\/wp\/v2\/posts\/14060\/revisions\/14062"}],"wp:featuredmedia":[{"embeddable":true,"href":"https:\/\/www.azullimao.com.br\/portal\/wp-json\/wp\/v2\/media\/14061"}],"wp:attachment":[{"href":"https:\/\/www.azullimao.com.br\/portal\/wp-json\/wp\/v2\/media?parent=14060"}],"wp:term":[{"taxonomy":"category","embeddable":true,"href":"https:\/\/www.azullimao.com.br\/portal\/wp-json\/wp\/v2\/categories?post=14060"},{"taxonomy":"post_tag","embeddable":true,"href":"https:\/\/www.azullimao.com.br\/portal\/wp-json\/wp\/v2\/tags?post=14060"}],"curies":[{"name":"wp","href":"https:\/\/api.w.org\/{rel}","templated":true}]}}