{"id":14037,"date":"2019-07-23T10:52:02","date_gmt":"2019-07-23T13:52:02","guid":{"rendered":"http:\/\/www.azullimao.com.br\/portal\/?p=14037"},"modified":"2019-07-23T10:52:02","modified_gmt":"2019-07-23T13:52:02","slug":"semana-comeca-com-204-vagas-de-empregos","status":"publish","type":"post","link":"https:\/\/www.azullimao.com.br\/portal\/sem-categoria\/semana-comeca-com-204-vagas-de-empregos\/","title":{"rendered":"Semana come\u00e7a com 204 vagas de empregos"},"content":{"rendered":"<p>Vagas de emprego para professor de artes, de hist\u00f3ria, de l\u00edngua portuguesa e de matem\u00e1tica est\u00e3o na lista de 204 oportunidades dispon\u00edveis em empresas parceiras da Secretaria de Desenvolvimento Econ\u00f4mico, Trabalho e Renda. H\u00e1 emprego tamb\u00e9m para desenhista projetista, inspetor de solda e caldeireiro.<\/p>\n<p>Para verificar as possibilidades semanais, o trabalhador deve entrar no portal da Prefeitura de Maca\u00e9, clicar em <a href=\"http:\/\/www.macae.rj.gov.br\/TRABALHOERENDA\/conteudo\/titulo\/ao-trabalhador\"><strong>&#8220;Empregos&#8221;<\/strong><\/a>, no lado esquerdo da p\u00e1gina e em &#8220;Consultar vagas de emprego&#8221;. Tamb\u00e9m na aba de &#8220;Empregos&#8221;, o profissional pode se inscrever, passando a fazer parte do banco de dados da secretaria. Empres\u00e1rios podem cadastrar quais qualifica\u00e7\u00f5es de funcion\u00e1rios precisam. A partir destes dois tipos de dados, a secretaria cruza as informa\u00e7\u00f5es.<\/p>\n<p>Al\u00e9m disso, o interessado pode ir direto \u00e0 secretaria, na Rodovia Amaral Peixoto, s\/n, em frente ao Est\u00e1dio Cl\u00e1udio Moacyr, na Barra, de segunda a sexta-feira, das 8h \u00e0s 17h. A Secretaria de Desenvolvimento Econ\u00f4mico, Trabalho e Renda emite ainda carteiras de identidade e de trabalho. Para este servi\u00e7o, \u00e9 preciso agendamento pelo 0800.021.1138. Em seguida, o candidato deve comparecer ao \u00f3rg\u00e3o p\u00fablico. A documenta\u00e7\u00e3o necess\u00e1ria para cada servi\u00e7o est\u00e1 no site. Em caso de d\u00favida, o interessado pode ligar para <a href=\"tel:2763-6344\">2763-6344<\/a>.<\/p>\n<p style=\"text-align: left;\">fonte: <a href=\"http:\/\/www.macae.rj.gov.br\/noticias\/leitura\/noticia\/semana-comeca-com-204-vagas-de-empregos\" target=\"_blank\" rel=\"noopener noreferrer\">Prefeitura de Maca\u00e9\u00a0<\/a><\/p>\n","protected":false},"excerpt":{"rendered":"<p>Vagas de emprego para professor de artes, de hist\u00f3ria, de l\u00edngua portuguesa e de matem\u00e1tica est\u00e3o na lista de 204<\/p>\n","protected":false},"author":7,"featured_media":12751,"comment_status":"open","ping_status":"open","sticky":false,"template":"","format":"standard","meta":{"footnotes":""},"categories":[810,1],"tags":[288],"class_list":["post-14037","post","type-post","status-publish","format-standard","has-post-thumbnail","hentry","category-noticias-e-empregos","category-sem-categoria","tag-macae"],"_links":{"self":[{"href":"https:\/\/www.azullimao.com.br\/portal\/wp-json\/wp\/v2\/posts\/14037","targetHints":{"allow":["GET"]}}],"collection":[{"href":"https:\/\/www.azullimao.com.br\/portal\/wp-json\/wp\/v2\/posts"}],"about":[{"href":"https:\/\/www.azullimao.com.br\/portal\/wp-json\/wp\/v2\/types\/post"}],"author":[{"embeddable":true,"href":"https:\/\/www.azullimao.com.br\/portal\/wp-json\/wp\/v2\/users\/7"}],"replies":[{"embeddable":true,"href":"https:\/\/www.azullimao.com.br\/portal\/wp-json\/wp\/v2\/comments?post=14037"}],"version-history":[{"count":2,"href":"https:\/\/www.azullimao.com.br\/portal\/wp-json\/wp\/v2\/posts\/14037\/revisions"}],"predecessor-version":[{"id":14039,"href":"https:\/\/www.azullimao.com.br\/portal\/wp-json\/wp\/v2\/posts\/14037\/revisions\/14039"}],"wp:featuredmedia":[{"embeddable":true,"href":"https:\/\/www.azullimao.com.br\/portal\/wp-json\/wp\/v2\/media\/12751"}],"wp:attachment":[{"href":"https:\/\/www.azullimao.com.br\/portal\/wp-json\/wp\/v2\/media?parent=14037"}],"wp:term":[{"taxonomy":"category","embeddable":true,"href":"https:\/\/www.azullimao.com.br\/portal\/wp-json\/wp\/v2\/categories?post=14037"},{"taxonomy":"post_tag","embeddable":true,"href":"https:\/\/www.azullimao.com.br\/portal\/wp-json\/wp\/v2\/tags?post=14037"}],"curies":[{"name":"wp","href":"https:\/\/api.w.org\/{rel}","templated":true}]}}