{"id":13957,"date":"2019-07-11T09:39:26","date_gmt":"2019-07-11T12:39:26","guid":{"rendered":"http:\/\/www.azullimao.com.br\/portal\/?p=13957"},"modified":"2019-07-11T09:40:33","modified_gmt":"2019-07-11T12:40:33","slug":"praia-do-pecado-ira-sediar-macae-surf-pro","status":"publish","type":"post","link":"https:\/\/www.azullimao.com.br\/portal\/materias\/praia-do-pecado-ira-sediar-macae-surf-pro\/","title":{"rendered":"Praia do Pecado ir\u00e1 sediar Maca\u00e9 Surf Pro"},"content":{"rendered":"<p>A Praia do Pecado, em Maca\u00e9, sediar\u00e1 o \u201cMaca\u00e9 Surf Pro\u201d, a segunda etapa do Circuito Estadual Profissional do Rio em 2019. A disputa ser\u00e1 entre os dias <strong>26 e 29 de julho<\/strong>. O evento, com apoio da Prefeitura de Maca\u00e9, por meio da Secretaria de Esportes. Mais de R$ 40 mil em premia\u00e7\u00f5es ser\u00e3o concedidos pelo Governo do Estado.<\/p>\n<p>Al\u00e9m das categorias Profissional Masculino e Profissional Feminino, o evento vai marcar a estreia no Estadual do Rio de tr\u00eas categorias de surf adaptado, com disputas na Adapt Open, Adapt Assist e Adapt Feminino.<\/p>\n<p>O \u201cMaca\u00e9 Surf Pro\u201d tamb\u00e9m vai contar pontos para o Circuito Brasileiro da Associa\u00e7\u00e3o Brasileira de Surf Profissional (Abrasp), com a campe\u00e3 Pro somando 1.500 pontos no ranking e o campe\u00e3o Pro 3.000 pontos.<\/p>\n<p>De acordo com a secret\u00e1ria de Esportes, Andr\u00e9ia Freitas, a prefeitura ter\u00e1 uma tenda no evento com a divulga\u00e7\u00e3o de todos os projetos esportivos do munic\u00edpio. Ela acrescenta que os integrantes da Escolinha de Surf ir\u00e3o abrir a competi\u00e7\u00e3o.<\/p>\n<p>\u201cMaca\u00e9 vai receber a nata do surf. Isso \u00e9 importante n\u00e3o s\u00f3 para o esporte, como tamb\u00e9m para movimentar a rede hoteleira e a gastronomia da cidade\u201d, frisa a secret\u00e1ria.<\/p>\n<p><strong>Inscri\u00e7\u00f5es abertas<\/strong><\/p>\n<p>As inscri\u00e7\u00f5es j\u00e1 est\u00e3o abertas e o prazo m\u00e1ximo \u00e9 o dia 24 de julho, por\u00e9m elas podem terminar antes caso as vagas se esgotem. Para inscri\u00e7\u00f5es nas categorias Adapt Assist e Adapt Feminino \u00e9 preciso levar um quilo de alimento n\u00e3o perec\u00edvel.<\/p>\n<p>Apenas os atletas profissionais filiados \u00e0 Federa\u00e7\u00e3o de Surf do Estado do Rio de Janeiro (Feserj) ir\u00e3o pontuar nos rankings profissionais do Rio.<\/p>\n<p><a href=\"http:\/\/www.macae.rj.gov.br\/noticias\/leitura\/noticia\/praia-do-pecado-ira-sediar-macae-surf-pro\" target=\"_blank\" rel=\"noopener noreferrer\">Fonte: Prefeitura de Maca\u00e9<\/a><br \/>\nJornalista: Tatiana Gama<\/p>\n","protected":false},"excerpt":{"rendered":"<p>A Praia do Pecado, em Maca\u00e9, sediar\u00e1 o \u201cMaca\u00e9 Surf Pro\u201d, a segunda etapa do Circuito Estadual Profissional do Rio<\/p>\n","protected":false},"author":7,"featured_media":13958,"comment_status":"open","ping_status":"open","sticky":false,"template":"","format":"standard","meta":{"footnotes":""},"categories":[177],"tags":[],"class_list":["post-13957","post","type-post","status-publish","format-standard","has-post-thumbnail","hentry","category-materias"],"_links":{"self":[{"href":"https:\/\/www.azullimao.com.br\/portal\/wp-json\/wp\/v2\/posts\/13957","targetHints":{"allow":["GET"]}}],"collection":[{"href":"https:\/\/www.azullimao.com.br\/portal\/wp-json\/wp\/v2\/posts"}],"about":[{"href":"https:\/\/www.azullimao.com.br\/portal\/wp-json\/wp\/v2\/types\/post"}],"author":[{"embeddable":true,"href":"https:\/\/www.azullimao.com.br\/portal\/wp-json\/wp\/v2\/users\/7"}],"replies":[{"embeddable":true,"href":"https:\/\/www.azullimao.com.br\/portal\/wp-json\/wp\/v2\/comments?post=13957"}],"version-history":[{"count":3,"href":"https:\/\/www.azullimao.com.br\/portal\/wp-json\/wp\/v2\/posts\/13957\/revisions"}],"predecessor-version":[{"id":13961,"href":"https:\/\/www.azullimao.com.br\/portal\/wp-json\/wp\/v2\/posts\/13957\/revisions\/13961"}],"wp:featuredmedia":[{"embeddable":true,"href":"https:\/\/www.azullimao.com.br\/portal\/wp-json\/wp\/v2\/media\/13958"}],"wp:attachment":[{"href":"https:\/\/www.azullimao.com.br\/portal\/wp-json\/wp\/v2\/media?parent=13957"}],"wp:term":[{"taxonomy":"category","embeddable":true,"href":"https:\/\/www.azullimao.com.br\/portal\/wp-json\/wp\/v2\/categories?post=13957"},{"taxonomy":"post_tag","embeddable":true,"href":"https:\/\/www.azullimao.com.br\/portal\/wp-json\/wp\/v2\/tags?post=13957"}],"curies":[{"name":"wp","href":"https:\/\/api.w.org\/{rel}","templated":true}]}}