{"id":13687,"date":"2013-06-10T08:29:57","date_gmt":"2013-06-10T11:29:57","guid":{"rendered":"http:\/\/www.azullimao.com.br\/portal\/?p=13687"},"modified":"2019-06-29T12:47:00","modified_gmt":"2019-06-29T15:47:00","slug":"brasil-offshore-2013-centro-de-convencoes-de-macae-rj","status":"publish","type":"post","link":"https:\/\/www.azullimao.com.br\/portal\/coberturasnovas\/brasil-offshore-2013-centro-de-convencoes-de-macae-rj\/","title":{"rendered":"Brasil Offshore 2013 \u2013 Centro de Conven\u00e7\u00f5es de Maca\u00e9-RJ"},"content":{"rendered":"<p style=\"text-align: center;\"><img loading=\"lazy\" decoding=\"async\" class=\"alignnone size-full wp-image-13688\" src=\"https:\/\/www.azullimao.com.br\/portal\/wp-content\/uploads\/2019\/06\/2013.jpg\" alt=\"\" width=\"747\" height=\"291\" \/><br \/>\n<strong><span style=\"color: #ff0000; font-family: Arial; font-size: x-large;\">2.439\u00a0 Fotos na edi\u00e7\u00e3o 2013<\/span><\/strong><br \/>\n<strong>7\u00aa Feira e Confer\u00eancia Internacional da Ind\u00fastria do Petr\u00f3leo e G\u00e1s &#8211; Centro de Conven\u00e7\u00f5es Jornalista Roberto Marinho &#8211; Maca\u00e9-RJ<\/strong><\/p>\n<table class=\"aligncenter\" style=\"width: 610px;\" border=\"rgb(38, 122, 120)\">\n<tbody>\n<tr style=\"background-color: #1a7864;\">\n<td style=\"border-color: #267a78; width: 152px; text-align: center;\"><span style=\"font-size: 36px; color: #ffffff;\"><strong>11<\/strong><\/span><\/td>\n<td style=\"border-color: #267a78; width: 152px; text-align: center;\">\n<p style=\"text-align: center;\"><span style=\"font-size: 36px; color: #ffffff;\"><strong>12<\/strong><\/span><\/p>\n<\/td>\n<td style=\"border-color: #267a78; width: 152px; text-align: center;\"><span style=\"font-size: 36px; color: #ffffff;\"><strong>13<\/strong><\/span><\/td>\n<td style=\"border-color: #267a78; width: 152px; text-align: center;\"><span style=\"font-size: 36px; color: #ffffff;\"><strong>14<\/strong><\/span><\/td>\n<\/tr>\n<tr>\n<td style=\"border-color: #267a78; width: 152px; text-align: center;\"><a href=\"https:\/\/www.azullimao.com.br\/portal\/coberturasnovas\/brasil-offshore-2013-11-de-junho-macae-rj\/\"><strong><span style=\"font-size: 20px;\">11 junho<\/span><\/strong><\/a><\/td>\n<td style=\"border-color: #267a78; width: 152px; text-align: center;\">\n<p style=\"text-align: center;\"><a href=\"https:\/\/www.azullimao.com.br\/portal\/sem-categoria\/brasil-offshore-2013-12-de-junho-macae-rj\/\"><strong><span style=\"font-size: 20px;\">12 junho<\/span><\/strong><\/a><\/p>\n<\/td>\n<td style=\"border-color: #267a78; width: 152px; text-align: center;\"><span style=\"font-size: 20px;\">\u00a0<strong><a href=\"https:\/\/www.azullimao.com.br\/portal\/coberturasnovas\/brasil-offshore-2013-13-de-junho-macae-rj\/\">13 junho<\/a><br \/>\n<\/strong><\/span><\/td>\n<td style=\"border-color: #267a78; width: 152px; text-align: center;\"><a href=\"https:\/\/www.azullimao.com.br\/portal\/coberturasnovas\/brasil-offshore-2013-14-de-junho-macae-rj\/\"><strong><span style=\"font-size: 20px;\">14 junho<\/span><\/strong><\/a><\/td>\n<\/tr>\n<tr>\n<td style=\"border-color: #267a78; background-color: #187a6a; text-align: center;\" colspan=\"4\">\n<p style=\"text-align: center;\">\n<\/td>\n<\/tr>\n<tr>\n<td style=\"border-color: #267a78; text-align: center;\" colspan=\"4\"><\/td>\n<\/tr>\n<\/tbody>\n<\/table>\n<p style=\"text-align: center;\"><a href=\"https:\/\/www.azullimao.com.br\/portal\/coberturasnovas\/brasil-offshore-280619\/\" rel=\"noopener noreferrer\"><img loading=\"lazy\" decoding=\"async\" class=\"alignnone wp-image-13564 size-full\" src=\"https:\/\/www.azullimao.com.br\/portal\/wp-content\/uploads\/2019\/06\/bo_fita.jpg\" alt=\"\" width=\"1123\" height=\"139\" \/><\/a><\/p>\n<p>&nbsp;<\/p>\n","protected":false},"excerpt":{"rendered":"<p>2.439\u00a0 Fotos na edi\u00e7\u00e3o 2013 7\u00aa Feira e Confer\u00eancia Internacional da Ind\u00fastria do Petr\u00f3leo e G\u00e1s &#8211; Centro de Conven\u00e7\u00f5es<\/p>\n","protected":false},"author":7,"featured_media":13699,"comment_status":"open","ping_status":"open","sticky":false,"template":"","format":"standard","meta":{"footnotes":""},"categories":[61,23,145],"tags":[],"class_list":["post-13687","post","type-post","status-publish","format-standard","has-post-thumbnail","hentry","category-coberturas","category-coberturasnovas","category-coberturas-todas"],"_links":{"self":[{"href":"https:\/\/www.azullimao.com.br\/portal\/wp-json\/wp\/v2\/posts\/13687","targetHints":{"allow":["GET"]}}],"collection":[{"href":"https:\/\/www.azullimao.com.br\/portal\/wp-json\/wp\/v2\/posts"}],"about":[{"href":"https:\/\/www.azullimao.com.br\/portal\/wp-json\/wp\/v2\/types\/post"}],"author":[{"embeddable":true,"href":"https:\/\/www.azullimao.com.br\/portal\/wp-json\/wp\/v2\/users\/7"}],"replies":[{"embeddable":true,"href":"https:\/\/www.azullimao.com.br\/portal\/wp-json\/wp\/v2\/comments?post=13687"}],"version-history":[{"count":13,"href":"https:\/\/www.azullimao.com.br\/portal\/wp-json\/wp\/v2\/posts\/13687\/revisions"}],"predecessor-version":[{"id":13830,"href":"https:\/\/www.azullimao.com.br\/portal\/wp-json\/wp\/v2\/posts\/13687\/revisions\/13830"}],"wp:featuredmedia":[{"embeddable":true,"href":"https:\/\/www.azullimao.com.br\/portal\/wp-json\/wp\/v2\/media\/13699"}],"wp:attachment":[{"href":"https:\/\/www.azullimao.com.br\/portal\/wp-json\/wp\/v2\/media?parent=13687"}],"wp:term":[{"taxonomy":"category","embeddable":true,"href":"https:\/\/www.azullimao.com.br\/portal\/wp-json\/wp\/v2\/categories?post=13687"},{"taxonomy":"post_tag","embeddable":true,"href":"https:\/\/www.azullimao.com.br\/portal\/wp-json\/wp\/v2\/tags?post=13687"}],"curies":[{"name":"wp","href":"https:\/\/api.w.org\/{rel}","templated":true}]}}