{"id":13634,"date":"2015-06-23T14:14:47","date_gmt":"2015-06-23T17:14:47","guid":{"rendered":"http:\/\/www.azullimao.com.br\/portal\/?p=13634"},"modified":"2019-06-29T12:47:36","modified_gmt":"2019-06-29T15:47:36","slug":"brasil-offshore-2015-centro-de-convencoes-de-macae-rj","status":"publish","type":"post","link":"https:\/\/www.azullimao.com.br\/portal\/coberturasnovas\/brasil-offshore-2015-centro-de-convencoes-de-macae-rj\/","title":{"rendered":"Brasil Offshore 2015 \u2013 Centro de Conven\u00e7\u00f5es de Maca\u00e9-RJ"},"content":{"rendered":"<p style=\"text-align: center;\"><img loading=\"lazy\" decoding=\"async\" class=\"alignnone size-full wp-image-13637\" src=\"https:\/\/www.azullimao.com.br\/portal\/wp-content\/uploads\/2015\/06\/brasiloffshore_fundo_cima2015.jpg\" alt=\"\" width=\"747\" height=\"291\" \/><br \/>\n<strong><span style=\"color: #ff0000; font-family: Arial; font-size: x-large;\">3.201\u00a0 Fotos na edi\u00e7\u00e3o 2015<\/span><\/strong><br \/>\n<strong>8\u00aa Feira e Confer\u00eancia Internacional da Ind\u00fastria do Petr\u00f3leo e G\u00e1s &#8211; Centro de Conven\u00e7\u00f5es Jornalista Roberto Marinho &#8211; Maca\u00e9-RJ<\/strong><\/p>\n<table class=\"aligncenter\" style=\"width: 610px;\" border=\"rgb(38, 122, 120)\">\n<tbody>\n<tr style=\"background-color: #1a7864;\">\n<td style=\"border-color: #267a78; width: 152px; text-align: center;\"><span style=\"font-size: 36px; color: #ffffff;\"><strong>23<\/strong><\/span><\/td>\n<td style=\"border-color: #267a78; width: 152px; text-align: center;\">\n<p style=\"text-align: center;\"><span style=\"font-size: 36px; color: #ffffff;\"><strong>24<\/strong><\/span><\/p>\n<\/td>\n<td style=\"border-color: #267a78; width: 152px; text-align: center;\"><span style=\"font-size: 36px; color: #ffffff;\"><strong>25<\/strong><\/span><\/td>\n<td style=\"border-color: #267a78; width: 152px; text-align: center;\"><span style=\"font-size: 36px; color: #ffffff;\"><strong>26<\/strong><\/span><\/td>\n<\/tr>\n<tr>\n<td style=\"border-color: #267a78; width: 152px; text-align: center;\"><a href=\"https:\/\/www.azullimao.com.br\/portal\/sem-categoria\/brasil-offshore-2015-23-de-junho-macae-rj\/\"><strong><span style=\"font-size: 20px;\">23 junho<\/span><\/strong><\/a><\/td>\n<td style=\"border-color: #267a78; width: 152px; text-align: center;\">\n<p style=\"text-align: center;\"><a href=\"https:\/\/www.azullimao.com.br\/portal\/coberturasnovas\/brasil-offshore-2015-24-de-junho-macae-rj\/\"><strong><span style=\"font-size: 20px;\">24 junho<\/span><\/strong><\/a><\/p>\n<\/td>\n<td style=\"border-color: #267a78; width: 152px; text-align: center;\"><span style=\"font-size: 20px;\">\u00a0<strong><a href=\"https:\/\/www.azullimao.com.br\/portal\/coberturasnovas\/brasil-offshore-2015-25-de-junho-macae-rj\/\">25 junho<\/a><br \/>\n<\/strong><\/span><\/td>\n<td style=\"border-color: #267a78; width: 152px; text-align: center;\"><a href=\"https:\/\/www.azullimao.com.br\/portal\/coberturasnovas\/brasil-offshore-2015-26-de-junho-macae-rj\/\"><strong><span style=\"font-size: 20px;\">26 junho<\/span><\/strong><\/a><\/td>\n<\/tr>\n<tr>\n<td style=\"border-color: #267a78; background-color: #187a6a; text-align: center;\" colspan=\"4\">\n<p style=\"text-align: center;\"><span style=\"font-size: 36px; color: #ffffff;\"><strong>\u00a019<\/strong><\/span><\/p>\n<\/td>\n<\/tr>\n<tr>\n<td style=\"border-color: #267a78; text-align: center;\" colspan=\"4\"><a href=\"https:\/\/www.azullimao.com.br\/portal\/coberturasnovas\/brasil-offshore-2015-lancamento-19-de-junho-macae-rj\/\"><span style=\"font-size: 20px;\"><strong>19 Junho<\/strong><\/span><\/a><\/td>\n<\/tr>\n<\/tbody>\n<\/table>\n<p>&nbsp;<\/p>\n<p style=\"text-align: center;\"><a href=\"https:\/\/www.azullimao.com.br\/portal\/coberturasnovas\/brasil-offshore-280619\/\" rel=\"noopener noreferrer\"><img loading=\"lazy\" decoding=\"async\" class=\"alignnone wp-image-13564 size-full\" src=\"https:\/\/www.azullimao.com.br\/portal\/wp-content\/uploads\/2019\/06\/bo_fita.jpg\" alt=\"\" width=\"1123\" height=\"139\" \/><\/a><\/p>\n","protected":false},"excerpt":{"rendered":"<p>3.201\u00a0 Fotos na edi\u00e7\u00e3o 2015 8\u00aa Feira e Confer\u00eancia Internacional da Ind\u00fastria do Petr\u00f3leo e G\u00e1s &#8211; Centro de Conven\u00e7\u00f5es<\/p>\n","protected":false},"author":7,"featured_media":13640,"comment_status":"open","ping_status":"open","sticky":false,"template":"","format":"standard","meta":{"footnotes":""},"categories":[61,23,145],"tags":[],"class_list":["post-13634","post","type-post","status-publish","format-standard","has-post-thumbnail","hentry","category-coberturas","category-coberturasnovas","category-coberturas-todas"],"_links":{"self":[{"href":"https:\/\/www.azullimao.com.br\/portal\/wp-json\/wp\/v2\/posts\/13634","targetHints":{"allow":["GET"]}}],"collection":[{"href":"https:\/\/www.azullimao.com.br\/portal\/wp-json\/wp\/v2\/posts"}],"about":[{"href":"https:\/\/www.azullimao.com.br\/portal\/wp-json\/wp\/v2\/types\/post"}],"author":[{"embeddable":true,"href":"https:\/\/www.azullimao.com.br\/portal\/wp-json\/wp\/v2\/users\/7"}],"replies":[{"embeddable":true,"href":"https:\/\/www.azullimao.com.br\/portal\/wp-json\/wp\/v2\/comments?post=13634"}],"version-history":[{"count":17,"href":"https:\/\/www.azullimao.com.br\/portal\/wp-json\/wp\/v2\/posts\/13634\/revisions"}],"predecessor-version":[{"id":13831,"href":"https:\/\/www.azullimao.com.br\/portal\/wp-json\/wp\/v2\/posts\/13634\/revisions\/13831"}],"wp:featuredmedia":[{"embeddable":true,"href":"https:\/\/www.azullimao.com.br\/portal\/wp-json\/wp\/v2\/media\/13640"}],"wp:attachment":[{"href":"https:\/\/www.azullimao.com.br\/portal\/wp-json\/wp\/v2\/media?parent=13634"}],"wp:term":[{"taxonomy":"category","embeddable":true,"href":"https:\/\/www.azullimao.com.br\/portal\/wp-json\/wp\/v2\/categories?post=13634"},{"taxonomy":"post_tag","embeddable":true,"href":"https:\/\/www.azullimao.com.br\/portal\/wp-json\/wp\/v2\/tags?post=13634"}],"curies":[{"name":"wp","href":"https:\/\/api.w.org\/{rel}","templated":true}]}}