{"id":13240,"date":"2019-06-13T10:15:39","date_gmt":"2019-06-13T13:15:39","guid":{"rendered":"http:\/\/www.azullimao.com.br\/portal\/?p=13240"},"modified":"2019-06-13T10:17:12","modified_gmt":"2019-06-13T13:17:12","slug":"festa-de-santo-antonio-comeca-nesta-quinta-13","status":"publish","type":"post","link":"https:\/\/www.azullimao.com.br\/portal\/materias\/festa-de-santo-antonio-comeca-nesta-quinta-13\/","title":{"rendered":"Festa de santo ant\u00f4nio come\u00e7a Hoje em Maca\u00e9"},"content":{"rendered":"<p>A Par\u00f3quia Santo Ant\u00f4nio em Maca\u00e9 convida a todos para a tradicional Festa em honra ao seu padroeiro, que tem in\u00edcio nesta quinta (13) e se estende at\u00e9 o domingo (16). Com atra\u00e7\u00f5es para todas as idades, a organiza\u00e7\u00e3o espera atrair um p\u00fablico superior a 10 mil pessoas ao longo dos 4 dias de atividades.<\/p>\n<p>No dia dedicado ao Santo, os festejos t\u00eam in\u00edcio \u00e0s 18h com prociss\u00e3o luminosa pelas ruas do bairro Visconde de Ara\u00fajo, seguida de Missa e show com a cantora Lita Lopes. Na sexta-feira (14) \u00e9 Bavini (filho de S\u00e9rgio Reis e ganhador de 2 Grammys) quem anima o p\u00fablico com can\u00e7\u00f5es do seu primeiro CD solo, que leva o seu nome. No s\u00e1bado (15) \u00a0a partir das 15h acontece a Tarde Kids, e, \u00e0 noite, a macaense Andr\u00e9a Martins canta sambas que atravessam gera\u00e7\u00f5es. No domingo (16) o almo\u00e7o ser\u00e1 embalado pelo grupo Regional Choro de Bigu\u00e1 e, \u00e0 noite, as comemora\u00e7\u00f5es ser\u00e3o encerradas com o \u201cEvangelizashow\u201d do sacerdote franciscano Frei Zeca. Todos os dias haver\u00e1 celebra\u00e7\u00e3o de Missa em diversos hor\u00e1rios.<\/p>\n<p>A dimens\u00e3o adquirida pela tradicional Festa &#8211; que hoje integra o Calend\u00e1rio Oficial de eventos municipais \u2013, fez com que a organiza\u00e7\u00e3o repensasse o impacto dos recursos descart\u00e1veis utilizados, decidindo em 2019 pela proibi\u00e7\u00e3o dos copos e canudos de pl\u00e1stico.<\/p>\n<p>Para o p\u00e1roco, Padre Gleison Lima, a consci\u00eancia ambiental \u00e9 uma necessidade que deve ser objeto da reflex\u00e3o de todos.<\/p>\n<p>&#8211; Ser crist\u00e3o \u00e9 ter consci\u00eancia de que o planeta \u00e9 esta Casa Comum, onde preciso estar atento ao que utilizo, para que n\u00e3o se torne um preju\u00edzo para o outro. Vivemos em uma realidade onde muitos recursos recicl\u00e1veis e n\u00e3o recicl\u00e1veis s\u00e3o descartados sem nenhum tipo de tratamento na natureza, e especialmente o pl\u00e1stico, que al\u00e9m de poluir, causa diversos outros impactos.- disse.<\/p>\n<p>Em mar\u00e7o, a C\u00e2mara Municipal de Maca\u00e9 aprovou projeto de lei que pro\u00edbe o uso e a distribui\u00e7\u00e3o, no com\u00e9rcio e em eventos, de canudos, copos, e outros itens descart\u00e1veis produzidos com pl\u00e1stico que n\u00e3o seja biodegrad\u00e1vel. Embora a norma ainda n\u00e3o tenha entrado em vigor, a Par\u00f3quia antecipou-se por entender que a medida, de car\u00e1ter ambiental, tem profundo impacto no meio-ambiente.<\/p>\n<p>&#8211; Diante da propor\u00e7\u00e3o que a nossa Festa tomou ao longo dos anos, optamos em abolir o uso destes materiais como gesto concreto em prol da preserva\u00e7\u00e3o ambiental. Por isso, teremos a disposi\u00e7\u00e3o dos participantes canecas personalizadas, que poder\u00e3o ser adquiridas e reutilizadas durante e ap\u00f3s o evento \u2013 afirmou o Padre Gleison.<\/p>\n<p>Tendo como objetivo principal a arrecada\u00e7\u00e3o de fundos para a constru\u00e7\u00e3o da nova Igreja Matriz, a comunidade promete oferecer \u00e0s fam\u00edlias macaenses momentos de lazer com seguran\u00e7a e muitas op\u00e7\u00f5es gastron\u00f4micas nas barraquinhas. Outra forma de ajudar \u00e9 participando da \u201cA\u00e7\u00e3o entre Amigos\u201d que sortear\u00e1 no encerramento da Festa um carro 0km, uma moto 0km, uma viagem para Punta del Este (Uruguai) al\u00e9m de outros pr\u00eamios.<\/p>\n<p>A Par\u00f3quia Santo Ant\u00f4nio est\u00e1 localizada na Travessa Padre Pedro, n. 671, no Visconde de Ara\u00fajo em Maca\u00e9, e a programa\u00e7\u00e3o completa da Festa pode ser acessada pelo site &lt;<a href=\"http:\/\/www.santoantoniomacae.com.br\/\" target=\"_blank\" rel=\"noopener noreferrer\" data-saferedirecturl=\"https:\/\/www.google.com\/url?q=http:\/\/www.santoantoniomacae.com.br&amp;source=gmail&amp;ust=1560517363458000&amp;usg=AFQjCNGIGmm7QU7C9ykXr-lM8ttKUP4esg\">www.santoantoniomacae.com.br<\/a>&gt;<\/p>\n<p><img loading=\"lazy\" decoding=\"async\" class=\"alignnone size-full wp-image-13241 aligncenter\" src=\"https:\/\/www.azullimao.com.br\/portal\/wp-content\/uploads\/2019\/06\/Captura-de-Tela-2019-06-13-\u00e0s-10.17.46.png\" alt=\"\" width=\"441\" height=\"623\" \/><\/p>\n<p><strong>Texto: Nath\u00e1lia Br\u00edgida\/Pascom Santo Ant\u00f4nio<\/strong><\/p>\n<p><strong>Anexo imagens &#8211; Cr\u00e9dito: Pascom Santo Ant\u00f4nio<\/strong><\/p>\n<p>Fonte e Foto : Par\u00f3quia Santo Ant\u00f4nio Maca\u00e9<\/p>\n","protected":false},"excerpt":{"rendered":"<p>A Par\u00f3quia Santo Ant\u00f4nio em Maca\u00e9 convida a todos para a tradicional Festa em honra ao seu padroeiro, que tem<\/p>\n","protected":false},"author":7,"featured_media":13242,"comment_status":"open","ping_status":"open","sticky":false,"template":"","format":"standard","meta":{"footnotes":""},"categories":[177],"tags":[288],"class_list":["post-13240","post","type-post","status-publish","format-standard","has-post-thumbnail","hentry","category-materias","tag-macae"],"_links":{"self":[{"href":"https:\/\/www.azullimao.com.br\/portal\/wp-json\/wp\/v2\/posts\/13240","targetHints":{"allow":["GET"]}}],"collection":[{"href":"https:\/\/www.azullimao.com.br\/portal\/wp-json\/wp\/v2\/posts"}],"about":[{"href":"https:\/\/www.azullimao.com.br\/portal\/wp-json\/wp\/v2\/types\/post"}],"author":[{"embeddable":true,"href":"https:\/\/www.azullimao.com.br\/portal\/wp-json\/wp\/v2\/users\/7"}],"replies":[{"embeddable":true,"href":"https:\/\/www.azullimao.com.br\/portal\/wp-json\/wp\/v2\/comments?post=13240"}],"version-history":[{"count":2,"href":"https:\/\/www.azullimao.com.br\/portal\/wp-json\/wp\/v2\/posts\/13240\/revisions"}],"predecessor-version":[{"id":13244,"href":"https:\/\/www.azullimao.com.br\/portal\/wp-json\/wp\/v2\/posts\/13240\/revisions\/13244"}],"wp:featuredmedia":[{"embeddable":true,"href":"https:\/\/www.azullimao.com.br\/portal\/wp-json\/wp\/v2\/media\/13242"}],"wp:attachment":[{"href":"https:\/\/www.azullimao.com.br\/portal\/wp-json\/wp\/v2\/media?parent=13240"}],"wp:term":[{"taxonomy":"category","embeddable":true,"href":"https:\/\/www.azullimao.com.br\/portal\/wp-json\/wp\/v2\/categories?post=13240"},{"taxonomy":"post_tag","embeddable":true,"href":"https:\/\/www.azullimao.com.br\/portal\/wp-json\/wp\/v2\/tags?post=13240"}],"curies":[{"name":"wp","href":"https:\/\/api.w.org\/{rel}","templated":true}]}}