{"id":13182,"date":"2019-06-07T13:07:25","date_gmt":"2019-06-07T16:07:25","guid":{"rendered":"http:\/\/www.azullimao.com.br\/portal\/?p=13182"},"modified":"2019-06-07T13:09:40","modified_gmt":"2019-06-07T16:09:40","slug":"domingo-dia-09-06-comemoracao-aos-146-anos-da-sociedade-musical-nova-aurora-macae-rj","status":"publish","type":"post","link":"https:\/\/www.azullimao.com.br\/portal\/materias\/domingo-dia-09-06-comemoracao-aos-146-anos-da-sociedade-musical-nova-aurora-macae-rj\/","title":{"rendered":"Domingo dia 09\/06 &#8211; Comemora\u00e7\u00e3o aos 146 anos da Sociedade Musical Nova Aurora. Maca\u00e9-RJ"},"content":{"rendered":"<div>Visita t\u00e9cnica do Maestro Ant\u00f4nio Seixas para a realiza\u00e7\u00e3o do concerto em comemora\u00e7\u00e3o aos 146 anos da Sociedade Musical Nova Aurora.<\/div>\n<div><\/div>\n<div>&#8221; A Nova Aurora receber\u00e1 a Orquestra de Sopros Banda Filarm\u00f4nica do Rio de Janeiro dia 9 de junho para comemorar seus 146 anos de funda\u00e7\u00e3o&#8221;<\/div>\n<div><\/div>\n<div>A Sociedade Musical Nova Aurora, fundada em 8 de junho de 1873, completar\u00e1 146 anos de atividades e para comemorar esta data, ser\u00e1 promovido um interc\u00e2mbio cultural e um concerto entre a Banda Sinf\u00f4nica Nova Aurora e a Orquestra de Sopros Banda Filarm\u00f4nica do Rio de Janeiro no domingo dia 9 de junho de 2019 \u00e0s 17:30hs na sede da Nova Aurora.<\/div>\n<div><\/div>\n<div>O Interc\u00e2mbio Cultural tem como objetivo a celebra\u00e7\u00e3o dos 146 anos da Sociedade Musical Nova Aurora e a troca de experi\u00eancia musical, cultural e art\u00edstica entre os m\u00fasicos e maestros dos grupos sinf\u00f4nicos.<\/div>\n<div><\/div>\n<div><strong>Fases do interc\u00e2mbio cultural:<\/strong><\/div>\n<div><\/div>\n<div>A primeira fase deste interc\u00e2mbio Cultural acontecer\u00e1 neste final de semana, nos dia 4 e 5 de maio acontecer\u00e1 a visita t\u00e9cnica do Maestro Ant\u00f4nio Seixas e do Produtor Fernando Soriano a Sede da Nova Aurora em Maca\u00e9, a onde ser\u00e3o recebidos pelo Maestro e Presidente da Banda Sinf\u00f4nica Nova Aurora, H\u00e9lio Rodrigues, o intuito desta visita ser\u00e1 para acertar os detalhes em rela\u00e7\u00e3o a log\u00edstica, material de divulga\u00e7\u00e3o, alimenta\u00e7\u00e3o, local de apresenta\u00e7\u00e3o, montagem de palco, ilumina\u00e7\u00e3o e elabora\u00e7\u00e3o do programa de concerto dos grupos sinf\u00f4nicos.<\/div>\n<div><\/div>\n<div>A segunda fase do interc\u00e2mbio cultural ser\u00e1 o concerto no dia 9 de junho de 2019 \u00e0s 17:30hs no p\u00e1tio da Sociedade Musical Nova Aurora em Maca\u00e9\/RJ, localizado na Avenida Rui Barbosa, 551(cal\u00e7ad\u00e3o), ser\u00e3o cerca de 90 m\u00fasicos instrumentistas e 2 maestros na condu\u00e7\u00e3o do concerto alusivo aos 146 anos da Nova Aurora, evento ter\u00e1 entrada franca.<\/div>\n<div><\/div>\n<div>Mensagem do Maestro e Presidente da Nova Aurora, H\u00e9lio Rodrigues<\/div>\n<div>\u00c9 com muita alegria que iremos receber a melhor Orquestra de Sopros da Am\u00e9rica Latina em Maca\u00e9 para comemorarmos os 146 anos da Sociedade Musical Nova Aurora, uma grande oportunidade para troca de experi\u00eancias entre os m\u00fasicos que com certeza, ter\u00e3o um grande crescimento cultural e art\u00edstico. O p\u00fablico presente ser\u00e1 brindado com um alto n\u00edvel de performance da m\u00fasica instrumental em nossa cidade<\/div>\n<div><\/div>\n<div>Mensagem do Maestro da Orquestra de Sopros Banda Filarm\u00f4nica do Rio de Janeiro,\u00a0 Ant\u00f4nio Seixas<\/div>\n<div>Minha expectativa para este evento \u00e9 a melhor poss\u00edvel. Ser\u00e1 um dia de celebra\u00e7\u00e3o, pela passagem dos 146 anos da Sociedade Musical Nova Aurora, uma das bandas mais antigas do estado em atividade, e de muito boa m\u00fasica com as apresenta\u00e7\u00f5es da aniversariante e da Banda Filarm\u00f4nica do Rio de Janeiro, uma das bandas mais novas do estado que, no dia 03\/05, completou nove anos de funda\u00e7\u00e3o.<\/div>\n<div>\n<div>O evento tamb\u00e9m \u00e9 uma oportunidade para estreitar ainda mais os la\u00e7os entre ambas as institui\u00e7\u00f5es, j\u00e1 que h\u00e1 atualmente um interc\u00e2mbio de partituras entre as duas bandas, al\u00e9m de alguns m\u00fasicos da Nova Aurora participarem da BFRJ. Por fim ser\u00e1 uma oportunidade da BFRJ fazer sua estreia em Maca\u00e9, uma cidade com tanta tradi\u00e7\u00e3o musical, com duas bandas centen\u00e1rias e que revelou m\u00fasicos de proje\u00e7\u00e3o nacional como Benedicto Lacerda.<\/div>\n<div><\/div>\n<div>\n<div>Antonio Seixas<\/div>\n<div>Diretor Art\u00edstico e Regente Titular &#8211; Banda Filarm\u00f4nica do Rio de Janeiro<br \/>\n<a href=\"http:\/\/www.bfrj.com.br\/\" target=\"_blank\" rel=\"noopener noreferrer\" data-saferedirecturl=\"https:\/\/www.google.com\/url?q=http:\/\/www.bfrj.com.br&amp;source=gmail&amp;ust=1560009680309000&amp;usg=AFQjCNHi7ZN36qvFs6s-tZagcVFuMtsoww\">www.bfrj.com.br<\/a><\/p>\n<p>Fonte e Foto: Comunica\u00e7\u00e3o da Nova Aurora<\/p><\/div>\n<\/div>\n<\/div>\n","protected":false},"excerpt":{"rendered":"<p>Visita t\u00e9cnica do Maestro Ant\u00f4nio Seixas para a realiza\u00e7\u00e3o do concerto em comemora\u00e7\u00e3o aos 146 anos da Sociedade Musical Nova<\/p>\n","protected":false},"author":7,"featured_media":13183,"comment_status":"open","ping_status":"open","sticky":false,"template":"","format":"standard","meta":{"footnotes":""},"categories":[177],"tags":[],"class_list":["post-13182","post","type-post","status-publish","format-standard","has-post-thumbnail","hentry","category-materias"],"_links":{"self":[{"href":"https:\/\/www.azullimao.com.br\/portal\/wp-json\/wp\/v2\/posts\/13182","targetHints":{"allow":["GET"]}}],"collection":[{"href":"https:\/\/www.azullimao.com.br\/portal\/wp-json\/wp\/v2\/posts"}],"about":[{"href":"https:\/\/www.azullimao.com.br\/portal\/wp-json\/wp\/v2\/types\/post"}],"author":[{"embeddable":true,"href":"https:\/\/www.azullimao.com.br\/portal\/wp-json\/wp\/v2\/users\/7"}],"replies":[{"embeddable":true,"href":"https:\/\/www.azullimao.com.br\/portal\/wp-json\/wp\/v2\/comments?post=13182"}],"version-history":[{"count":3,"href":"https:\/\/www.azullimao.com.br\/portal\/wp-json\/wp\/v2\/posts\/13182\/revisions"}],"predecessor-version":[{"id":13186,"href":"https:\/\/www.azullimao.com.br\/portal\/wp-json\/wp\/v2\/posts\/13182\/revisions\/13186"}],"wp:featuredmedia":[{"embeddable":true,"href":"https:\/\/www.azullimao.com.br\/portal\/wp-json\/wp\/v2\/media\/13183"}],"wp:attachment":[{"href":"https:\/\/www.azullimao.com.br\/portal\/wp-json\/wp\/v2\/media?parent=13182"}],"wp:term":[{"taxonomy":"category","embeddable":true,"href":"https:\/\/www.azullimao.com.br\/portal\/wp-json\/wp\/v2\/categories?post=13182"},{"taxonomy":"post_tag","embeddable":true,"href":"https:\/\/www.azullimao.com.br\/portal\/wp-json\/wp\/v2\/tags?post=13182"}],"curies":[{"name":"wp","href":"https:\/\/api.w.org\/{rel}","templated":true}]}}