{"id":13128,"date":"2019-05-29T12:05:17","date_gmt":"2019-05-29T15:05:17","guid":{"rendered":"http:\/\/www.azullimao.com.br\/portal\/?p=13128"},"modified":"2019-05-29T12:05:17","modified_gmt":"2019-05-29T15:05:17","slug":"campanha-contra-a-gripe-em-macae-e-prorrogada-ate-15-de-junho","status":"publish","type":"post","link":"https:\/\/www.azullimao.com.br\/portal\/materias\/campanha-contra-a-gripe-em-macae-e-prorrogada-ate-15-de-junho\/","title":{"rendered":"Campanha contra a gripe em Maca\u00e9 \u00e9 prorrogada at\u00e9 15 de junho"},"content":{"rendered":"<p>A campanha de vacina\u00e7\u00e3o contra a gripe foi prorrogada no Estado do Rio de Janeiro at\u00e9 o dia 15 de junho. A Secretaria de Sa\u00fade de Maca\u00e9 j\u00e1 imunizou 84% do p\u00fablico-alvo e as doses est\u00e3o dispon\u00edveis nas unidades de sa\u00fade de segunda a sexta-feira, de 8h \u00e0s 16h.<\/p>\n<p>A gerente de Vigil\u00e2ncia em Sa\u00fade, Daniela Bastos, lembra que a defini\u00e7\u00e3o do p\u00fablico-alvo \u00e9 feita pela Organiza\u00e7\u00e3o Mundial da Sa\u00fade (OMS), priorizando os grupos mais suscet\u00edveis ao agravamento de doen\u00e7as respirat\u00f3rias, como crian\u00e7as de seis meses a cinco anos, 11 meses e 29 dias; gestantes; pu\u00e9rperas (at\u00e9 45 dias ap\u00f3s o parto); pessoas com 60 anos de idade ou mais; trabalhadores de sa\u00fade (com comprova\u00e7\u00e3o); professores das escolas p\u00fablicas e privadas (com comprova\u00e7\u00e3o); pessoas portadoras de doen\u00e7as cr\u00f4nicas n\u00e3o transmiss\u00edveis e outras condi\u00e7\u00f5es especiais, independente da idade, com apresenta\u00e7\u00e3o da prescri\u00e7\u00e3o m\u00e9dica, especificando o motivo da indica\u00e7\u00e3o.<\/p>\n<p>De acordo com dados do Minist\u00e9rio da Sa\u00fade, neste ano no pa\u00eds, foram registrados 407 casos do v\u00edrus influenza A (H1N1), com 86 \u00f3bitos. Os dados da Vigil\u00e2ncia em Sa\u00fade de Maca\u00e9 foram notificados 43 casos de H1N1, sendo dois confirmados. Destes, um evoluiu para cura e o outro foi a \u00f3bito, sendo que a paciente que faleceu era moradora do distrito de Unamar, no munic\u00edpio de Cabo Frio.<\/p>\n<p>Segundo Daniela, do total de casos notificados de H1N1, 21 s\u00e3o de crian\u00e7as menores de dois anos. \u201cPor isso, pedimos aos pais e respons\u00e1veis para que n\u00e3o deixem de levar as crian\u00e7as ao posto de sa\u00fade. A vacina contra gripe \u00e9 gratuita, segura e reduz a evolu\u00e7\u00e3o da doen\u00e7a para um quadro grave ou at\u00e9 levar ao \u00f3bito\u201d, frisou.<\/p>\n<p><strong>Capacita\u00e7\u00e3o<\/strong><\/p>\n<p>Al\u00e9m do trabalho efetivo de imuniza\u00e7\u00e3o, a Secretaria de Sa\u00fade tamb\u00e9m ir\u00e1 realizar, no dia 12 de junho, Capacita\u00e7\u00e3o em Influenza para m\u00e9dicos e enfermeiros da rede.<\/p>\n<p>Durante a abordagem ser\u00e1 discutido o manejo cl\u00ednico dos casos de influenza, fluxo para coleta de exames e indica\u00e7\u00f5es do tratamento, que seguem Protocolo de Tratamento de Influenza do Minist\u00e9rio da Sa\u00fade.<\/p>\n<p><strong>Preven\u00e7\u00e3o<\/strong><\/p>\n<p>Al\u00e9m da vacina, algumas a\u00e7\u00f5es s\u00e3o importantes para a preven\u00e7\u00e3o da gripe como: lavar as m\u00e3os com frequ\u00eancia, evitar ambientes fechados e com aglomera\u00e7\u00e3o, manter superf\u00edcies e objetos que tem contato frequente com m\u00e3os limpos com \u00e1lcool &#8211; como mesas, teclados, ma\u00e7anetas e corrim\u00e3os; n\u00e3o compartilhar objetos de uso pessoas, como copos e talheres.<\/p>\n<p><strong><a href=\"http:\/\/www.macae.rj.gov.br\/noticias\/leitura\/noticia\/campanha-contra-a-gripe-e-prorrogada-ate-15-de-junho\" target=\"_blank\" rel=\"noopener noreferrer\">Fonte: Prefeitura de Maca\u00e9<\/a><\/strong><br \/>\nJornalista: Genimarta Oliveira<br \/>\n<b>Foto:<\/b> Bruno Campos &#8211; Arquivo Secom<\/p>\n","protected":false},"excerpt":{"rendered":"<p>A campanha de vacina\u00e7\u00e3o contra a gripe foi prorrogada no Estado do Rio de Janeiro at\u00e9 o dia 15 de<\/p>\n","protected":false},"author":7,"featured_media":13129,"comment_status":"open","ping_status":"open","sticky":false,"template":"","format":"standard","meta":{"footnotes":""},"categories":[177],"tags":[],"class_list":["post-13128","post","type-post","status-publish","format-standard","has-post-thumbnail","hentry","category-materias"],"_links":{"self":[{"href":"https:\/\/www.azullimao.com.br\/portal\/wp-json\/wp\/v2\/posts\/13128","targetHints":{"allow":["GET"]}}],"collection":[{"href":"https:\/\/www.azullimao.com.br\/portal\/wp-json\/wp\/v2\/posts"}],"about":[{"href":"https:\/\/www.azullimao.com.br\/portal\/wp-json\/wp\/v2\/types\/post"}],"author":[{"embeddable":true,"href":"https:\/\/www.azullimao.com.br\/portal\/wp-json\/wp\/v2\/users\/7"}],"replies":[{"embeddable":true,"href":"https:\/\/www.azullimao.com.br\/portal\/wp-json\/wp\/v2\/comments?post=13128"}],"version-history":[{"count":1,"href":"https:\/\/www.azullimao.com.br\/portal\/wp-json\/wp\/v2\/posts\/13128\/revisions"}],"predecessor-version":[{"id":13130,"href":"https:\/\/www.azullimao.com.br\/portal\/wp-json\/wp\/v2\/posts\/13128\/revisions\/13130"}],"wp:featuredmedia":[{"embeddable":true,"href":"https:\/\/www.azullimao.com.br\/portal\/wp-json\/wp\/v2\/media\/13129"}],"wp:attachment":[{"href":"https:\/\/www.azullimao.com.br\/portal\/wp-json\/wp\/v2\/media?parent=13128"}],"wp:term":[{"taxonomy":"category","embeddable":true,"href":"https:\/\/www.azullimao.com.br\/portal\/wp-json\/wp\/v2\/categories?post=13128"},{"taxonomy":"post_tag","embeddable":true,"href":"https:\/\/www.azullimao.com.br\/portal\/wp-json\/wp\/v2\/tags?post=13128"}],"curies":[{"name":"wp","href":"https:\/\/api.w.org\/{rel}","templated":true}]}}