{"id":13023,"date":"2019-05-16T09:07:41","date_gmt":"2019-05-16T12:07:41","guid":{"rendered":"http:\/\/www.azullimao.com.br\/portal\/?p=13023"},"modified":"2019-05-16T09:07:41","modified_gmt":"2019-05-16T12:07:41","slug":"inscricoes-abertas-para-2o-passeio-ciclistico-de-macae","status":"publish","type":"post","link":"https:\/\/www.azullimao.com.br\/portal\/materias\/inscricoes-abertas-para-2o-passeio-ciclistico-de-macae\/","title":{"rendered":"Inscri\u00e7\u00f5es abertas para 2\u00ba Passeio Cicl\u00edstico de Maca\u00e9"},"content":{"rendered":"<p>Est\u00e3o abertas as inscri\u00e7\u00f5es para o 2\u00ba Passeio Cicl\u00edstico que marcar\u00e1 o in\u00edcio da programa\u00e7\u00e3o da Semana Nacional do Meio Ambiente, em Maca\u00e9. O evento acontecer\u00e1 no dia 2 de junho (domingo), de 7h \u00e0s 13h. Foram abertas 200 inscri\u00e7\u00f5es. Os interessados podem procurar a Secretaria de Esportes (na Administra\u00e7\u00e3o \u2013 Pra\u00e7a Washington Lu\u00eds ou no Est\u00e1dio Claudio Moacyr, na Barra) at\u00e9 o dia 31 de maio. Menores de 18 anos dever\u00e3o estar acompanhados de respons\u00e1vel.<\/p>\n<p>Ser\u00e3o cerca de 35 quil\u00f4metros de passeio, com o acompanhamento de uma ambul\u00e2ncia em todo trajeto. A sa\u00edda ser\u00e1 \u00e0s 7h30, na Lagoa de Imboassica. Os atletas v\u00e3o passar pela Estrada Santa Tereza, BR-101 e Estrada da Serra, com previs\u00e3o de chegada ao Parque Atalaia \u00e0s 10h.<\/p>\n<p>De acordo com a secret\u00e1ria de Esportes, Andreia Freitas, o evento \u00e9 uma oportunidade mundial para lembrar da import\u00e2ncia de cuidar do planeta. &#8220;Vamos al\u00e9m do incentivo \u00e0 pr\u00e1tica do esporte. A proposta \u00e9 unir o \u00fatil ao agrad\u00e1vel, melhorando o corpo, a mente e o meio ambiente&#8221;, disse a secret\u00e1ria.<\/p>\n<p>Segundo o coordenador de eventos, Ant\u00f4nio Barreto, o ciclista ter\u00e1 apoio dos profissionais do esporte com pontos de hidrata\u00e7\u00e3o durante o trajeto. O retorno com suporte por parte do governo municipal est\u00e1 programado para as 13h. \u201c\u00c9 sempre bom lembrar que os equipamentos de seguran\u00e7a s\u00e3o primordiais para um passeio como este, mas o capacete \u00e9 indispens\u00e1vel,\u201d explica Barreto.<\/p>\n<p>A a\u00e7\u00e3o \u00e9 uma realiza\u00e7\u00e3o da Secretaria de Ambiente e Sustentabilidade, em parceria com as secretarias de Sa\u00fade, Mobilidade Urbana, Comunica\u00e7\u00e3o e Esportes.<\/p>\n<p>Fonte: Prefeitura de Maca\u00e9<br \/>\nJornalista: Equipe Secom<br \/>\n<b>Foto:<\/b>\u00a0Divulga\u00e7\u00e3o<\/p>\n","protected":false},"excerpt":{"rendered":"<p>Est\u00e3o abertas as inscri\u00e7\u00f5es para o 2\u00ba Passeio Cicl\u00edstico que marcar\u00e1 o in\u00edcio da programa\u00e7\u00e3o da Semana Nacional do Meio<\/p>\n","protected":false},"author":7,"featured_media":13024,"comment_status":"open","ping_status":"open","sticky":false,"template":"","format":"standard","meta":{"footnotes":""},"categories":[177],"tags":[288],"class_list":["post-13023","post","type-post","status-publish","format-standard","has-post-thumbnail","hentry","category-materias","tag-macae"],"_links":{"self":[{"href":"https:\/\/www.azullimao.com.br\/portal\/wp-json\/wp\/v2\/posts\/13023","targetHints":{"allow":["GET"]}}],"collection":[{"href":"https:\/\/www.azullimao.com.br\/portal\/wp-json\/wp\/v2\/posts"}],"about":[{"href":"https:\/\/www.azullimao.com.br\/portal\/wp-json\/wp\/v2\/types\/post"}],"author":[{"embeddable":true,"href":"https:\/\/www.azullimao.com.br\/portal\/wp-json\/wp\/v2\/users\/7"}],"replies":[{"embeddable":true,"href":"https:\/\/www.azullimao.com.br\/portal\/wp-json\/wp\/v2\/comments?post=13023"}],"version-history":[{"count":1,"href":"https:\/\/www.azullimao.com.br\/portal\/wp-json\/wp\/v2\/posts\/13023\/revisions"}],"predecessor-version":[{"id":13025,"href":"https:\/\/www.azullimao.com.br\/portal\/wp-json\/wp\/v2\/posts\/13023\/revisions\/13025"}],"wp:featuredmedia":[{"embeddable":true,"href":"https:\/\/www.azullimao.com.br\/portal\/wp-json\/wp\/v2\/media\/13024"}],"wp:attachment":[{"href":"https:\/\/www.azullimao.com.br\/portal\/wp-json\/wp\/v2\/media?parent=13023"}],"wp:term":[{"taxonomy":"category","embeddable":true,"href":"https:\/\/www.azullimao.com.br\/portal\/wp-json\/wp\/v2\/categories?post=13023"},{"taxonomy":"post_tag","embeddable":true,"href":"https:\/\/www.azullimao.com.br\/portal\/wp-json\/wp\/v2\/tags?post=13023"}],"curies":[{"name":"wp","href":"https:\/\/api.w.org\/{rel}","templated":true}]}}