{"id":12996,"date":"2019-05-14T07:45:21","date_gmt":"2019-05-14T10:45:21","guid":{"rendered":"http:\/\/www.azullimao.com.br\/portal\/?p=12996"},"modified":"2019-05-14T07:45:21","modified_gmt":"2019-05-14T10:45:21","slug":"semana-comeca-com-207-vagas-de-empregos","status":"publish","type":"post","link":"https:\/\/www.azullimao.com.br\/portal\/noticias-e-empregos\/semana-comeca-com-207-vagas-de-empregos\/","title":{"rendered":"Semana come\u00e7a com 207 vagas de empregos"},"content":{"rendered":"<p>A Secretaria de Desenvolvimento Econ\u00f4mico, Trabalho e Renda divulgou, nesta segunda-feira (13), nova lista de vagas de empregos oferecidas por empresas parceiras. Corretor de im\u00f3veis, pintor hidrojatista e chefe de cozinha s\u00e3o algumas das oportunidades oferecidas.<\/p>\n<p>Para verificar as oportunidades, o trabalhador deve entrar no portal da Prefeitura de Maca\u00e9, clicar em &#8220;Empregos&#8221;, no lado esquerdo da p\u00e1gina e em &#8220;Consultar vagas de emprego&#8221;. Tamb\u00e9m na aba de &#8220;Empregos&#8221;, o profissional pode se inscrever, passando a fazer parte do banco de dados da secretaria. Empres\u00e1rios podem cadastrar quais qualifica\u00e7\u00f5es de funcion\u00e1rios precisam. A partir destes dois tipos de dados, a secretaria cruza as informa\u00e7\u00f5es. O interessado pode ir direto \u00e0 secretaria, na Rodovia Amaral Peixoto, s\/n, em frente ao Est\u00e1dio Cl\u00e1udio Moacyr, na Barra, de segunda a sexta-feira, das 8h \u00e0s 17h.<\/p>\n<p>A Secretaria de Desenvolvimento Econ\u00f4mico, Trabalho e Renda emite ainda carteiras de identidade e de trabalho. Para este servi\u00e7o, \u00e9 preciso agendamento pelo 0800.021.1138. Em seguida, o candidato deve comparecer ao \u00f3rg\u00e3o p\u00fablico. A documenta\u00e7\u00e3o necess\u00e1ria para cada servi\u00e7o est\u00e1 no site. Em caso de d\u00favida, o interessado pode ligar para 2763-6344.<\/p>\n<p><strong><a href=\"http:\/\/sistemas.macae.rj.gov.br:84\/catalogo\/semtre\/index\/mural\" target=\"_blank\" rel=\"noopener noreferrer\">Confira aqui a lista completa.<\/a><\/strong><\/p>\n<p><a href=\"http:\/\/www.macae.rj.gov.br\/noticias\/leitura\/noticia\/semana-comeca-com-207-vagas-de-empregos\" target=\"_blank\" rel=\"noopener noreferrer\">Fonte: Prefeitura de Maca\u00e9<\/a><br \/>\nJornalista: Equipe Secom<\/p>\n","protected":false},"excerpt":{"rendered":"<p>A Secretaria de Desenvolvimento Econ\u00f4mico, Trabalho e Renda divulgou, nesta segunda-feira (13), nova lista de vagas de empregos oferecidas por<\/p>\n","protected":false},"author":7,"featured_media":12751,"comment_status":"open","ping_status":"open","sticky":false,"template":"","format":"standard","meta":{"footnotes":""},"categories":[810],"tags":[288,331],"class_list":["post-12996","post","type-post","status-publish","format-standard","has-post-thumbnail","hentry","category-noticias-e-empregos","tag-macae","tag-vagas-de-emprego"],"_links":{"self":[{"href":"https:\/\/www.azullimao.com.br\/portal\/wp-json\/wp\/v2\/posts\/12996","targetHints":{"allow":["GET"]}}],"collection":[{"href":"https:\/\/www.azullimao.com.br\/portal\/wp-json\/wp\/v2\/posts"}],"about":[{"href":"https:\/\/www.azullimao.com.br\/portal\/wp-json\/wp\/v2\/types\/post"}],"author":[{"embeddable":true,"href":"https:\/\/www.azullimao.com.br\/portal\/wp-json\/wp\/v2\/users\/7"}],"replies":[{"embeddable":true,"href":"https:\/\/www.azullimao.com.br\/portal\/wp-json\/wp\/v2\/comments?post=12996"}],"version-history":[{"count":1,"href":"https:\/\/www.azullimao.com.br\/portal\/wp-json\/wp\/v2\/posts\/12996\/revisions"}],"predecessor-version":[{"id":12997,"href":"https:\/\/www.azullimao.com.br\/portal\/wp-json\/wp\/v2\/posts\/12996\/revisions\/12997"}],"wp:featuredmedia":[{"embeddable":true,"href":"https:\/\/www.azullimao.com.br\/portal\/wp-json\/wp\/v2\/media\/12751"}],"wp:attachment":[{"href":"https:\/\/www.azullimao.com.br\/portal\/wp-json\/wp\/v2\/media?parent=12996"}],"wp:term":[{"taxonomy":"category","embeddable":true,"href":"https:\/\/www.azullimao.com.br\/portal\/wp-json\/wp\/v2\/categories?post=12996"},{"taxonomy":"post_tag","embeddable":true,"href":"https:\/\/www.azullimao.com.br\/portal\/wp-json\/wp\/v2\/tags?post=12996"}],"curies":[{"name":"wp","href":"https:\/\/api.w.org\/{rel}","templated":true}]}}