{"id":12886,"date":"2019-05-02T08:59:42","date_gmt":"2019-05-02T11:59:42","guid":{"rendered":"http:\/\/www.azullimao.com.br\/portal\/?p=12886"},"modified":"2019-05-02T09:01:32","modified_gmt":"2019-05-02T12:01:32","slug":"mercado-de-peixes-de-macae-sedia-festival-de-frutos-do-mar","status":"publish","type":"post","link":"https:\/\/www.azullimao.com.br\/portal\/materias\/mercado-de-peixes-de-macae-sedia-festival-de-frutos-do-mar\/","title":{"rendered":"Mercado de Peixes de Maca\u00e9 sedia Festival de Frutos do Mar"},"content":{"rendered":"<p>O IV Festival de Frutos do Mar acontecer\u00e1 no Mercado de Peixes de Maca\u00e9 neste s\u00e1bado (4) e domingo (5), das 11h \u00e0s 18h, promovido pelo Polo Gastron\u00f4mico Praia dos Cavaleiros com apoio da Prefeitura de Maca\u00e9. Os pratos ser\u00e3o comercializados com pre\u00e7o \u00fanico de R$ 20. As op\u00e7\u00f5es s\u00e3o: Trilogia de frutos do mar, Arroz de polvo, Isca de Peixe com molho t\u00e1rtaro, Penne ao pescador, Bob\u00f3 de camar\u00e3o, Mariscada, Bolinho de bacalhau, Pastel de camar\u00e3o e palmito com queijo.<\/p>\n<p>No s\u00e1bado (4), o evento ser\u00e1 aberto com voz e viol\u00e3o de R\u00faben Pereira, e \u00e0s 15h30, roda de samba com Diego Cabral, Merica, Par\u00e1 do Cavaco, com participa\u00e7\u00e3o especial de Neguinho 8 cordas, Diorninho surdo e P\u00ea Pandeiro. J\u00e1 no domingo (5), ap\u00f3s a apresenta\u00e7\u00e3o de R\u00faben Pereira, voz e viol\u00e3o, o samba fica por conta de Andrea Martins.<\/p>\n<p>Al\u00e9m dos pratos, o Festival de Frutos do Mar contar\u00e1 com estande de bebidas diversas, cerveja artesanal Matumbier, op\u00e7\u00f5es em doces para sobremesas e atividades de recrea\u00e7\u00e3o com apoio do Sesc.<\/p>\n<p>Todos os insumos para elabora\u00e7\u00e3o dos pratos est\u00e3o sendo comprados no Mercado de Peixes, movimentando a economia local. A expectativa \u00e9 que haja consumo de uma tonelada de frutos do mar e venda de 1,5 mil pratos por dia. O festival est\u00e1 no calend\u00e1rio de eventos oficial do munic\u00edpio e conta com o apoio do Sebrae, Convention Bureau, Macaense Ambiental, BRB Bureau, al\u00e9m da Prefeitura de Maca\u00e9.<\/p>\n<p>A cada ano, os eventos do Polo fazem com que a cidade se consolide como destino gastron\u00f4mico regional, contribuindo com o desenvolvimento econ\u00f4mico e tur\u00edstico. \u201cO mercado \u00e9 um dos mais belos cen\u00e1rios tur\u00edsticos e hist\u00f3ricos da cidade, tendo como fundo o encontro do rio com o mar, as ilhas e o cais. Ser\u00e1 mais um festival com sucesso de p\u00fablico. O pr\u00f3ximo ser\u00e1 o Beer Beach Burger, na orla da Praia dos Cavaleiros, no dia 6 de junho\u201d anunciou o presidente do Polo, Vitor Neves.<\/p>\n<p><strong>MERCADO &#8211;\u00a0<\/strong>O Mercado Municipal de Peixes funciona na cidade desde 1924, vendendo peixes, crust\u00e1ceos e frutos do mar. O local possui um cais com capacidade para v\u00e1rias embarca\u00e7\u00f5es e boxes de vendas, al\u00e9m de um hall na entrada com op\u00e7\u00f5es de ingredientes para elabora\u00e7\u00e3o de receitas. Funciona de segunda-feira a s\u00e1bado de 7h \u00e0s 17h e no domingo, de 7h \u00e0s 12h. Em Maca\u00e9, em m\u00e9dia cinco mil pessoas s\u00e3o vinculadas ao setor econ\u00f4mico da pesca.<\/p>\n<p><a href=\"http:\/\/www.macae.rj.gov.br\/noticias\/leitura\/noticia\/mercado-de-peixes-de-macae-sedia-festival-de-frutos-do-mar\" target=\"_blank\" rel=\"noopener noreferrer\">Fonte: Prefeitura de Maca\u00e9<\/a><br \/>\nJornalista: Assessoria do evento<br \/>\n<b>Foto:<\/b>\u00a0Bruno Campos<\/p>\n","protected":false},"excerpt":{"rendered":"<p>O IV Festival de Frutos do Mar acontecer\u00e1 no Mercado de Peixes de Maca\u00e9 neste s\u00e1bado (4) e domingo (5),<\/p>\n","protected":false},"author":7,"featured_media":12887,"comment_status":"open","ping_status":"open","sticky":false,"template":"","format":"standard","meta":{"footnotes":""},"categories":[177],"tags":[288],"class_list":["post-12886","post","type-post","status-publish","format-standard","has-post-thumbnail","hentry","category-materias","tag-macae"],"_links":{"self":[{"href":"https:\/\/www.azullimao.com.br\/portal\/wp-json\/wp\/v2\/posts\/12886","targetHints":{"allow":["GET"]}}],"collection":[{"href":"https:\/\/www.azullimao.com.br\/portal\/wp-json\/wp\/v2\/posts"}],"about":[{"href":"https:\/\/www.azullimao.com.br\/portal\/wp-json\/wp\/v2\/types\/post"}],"author":[{"embeddable":true,"href":"https:\/\/www.azullimao.com.br\/portal\/wp-json\/wp\/v2\/users\/7"}],"replies":[{"embeddable":true,"href":"https:\/\/www.azullimao.com.br\/portal\/wp-json\/wp\/v2\/comments?post=12886"}],"version-history":[{"count":2,"href":"https:\/\/www.azullimao.com.br\/portal\/wp-json\/wp\/v2\/posts\/12886\/revisions"}],"predecessor-version":[{"id":12889,"href":"https:\/\/www.azullimao.com.br\/portal\/wp-json\/wp\/v2\/posts\/12886\/revisions\/12889"}],"wp:featuredmedia":[{"embeddable":true,"href":"https:\/\/www.azullimao.com.br\/portal\/wp-json\/wp\/v2\/media\/12887"}],"wp:attachment":[{"href":"https:\/\/www.azullimao.com.br\/portal\/wp-json\/wp\/v2\/media?parent=12886"}],"wp:term":[{"taxonomy":"category","embeddable":true,"href":"https:\/\/www.azullimao.com.br\/portal\/wp-json\/wp\/v2\/categories?post=12886"},{"taxonomy":"post_tag","embeddable":true,"href":"https:\/\/www.azullimao.com.br\/portal\/wp-json\/wp\/v2\/tags?post=12886"}],"curies":[{"name":"wp","href":"https:\/\/api.w.org\/{rel}","templated":true}]}}