{"id":12714,"date":"2019-04-11T10:19:28","date_gmt":"2019-04-11T13:19:28","guid":{"rendered":"http:\/\/www.azullimao.com.br\/portal\/?p=12714"},"modified":"2019-04-11T10:19:28","modified_gmt":"2019-04-11T13:19:28","slug":"programacao-do-mes-do-autismo-tem-piquenique-neste-domingo","status":"publish","type":"post","link":"https:\/\/www.azullimao.com.br\/portal\/materias\/programacao-do-mes-do-autismo-tem-piquenique-neste-domingo\/","title":{"rendered":"Programa\u00e7\u00e3o do m\u00eas do autismo tem piquenique neste domingo"},"content":{"rendered":"<p>A programa\u00e7\u00e3o do m\u00eas de conscientiza\u00e7\u00e3o do autismo continua. No pr\u00f3ximo domingo (14), o grupo de m\u00e3es Motivados pelo Autismo Maca\u00e9 (Mopam) realizar\u00e1 o Mopanique, no Parque Municipal Atalaia. O piquenique, que acontece a partir das 11h, \u00e9 aberto a toda popula\u00e7\u00e3o e contar\u00e1 com roda de conversa. Daniele da Costa, m\u00e3e de tr\u00eas filhos autistas, falar\u00e1 sobre suas experi\u00eancias com os Transtornos do Espectro Autista (TEA). A entrada \u00e9 franca.<\/p>\n<p>O objetivo \u00e9 estimular a conviv\u00eancia entre crian\u00e7as e jovens (com defici\u00eancias ou n\u00e3o), bem como estimular as suas fam\u00edlias a frequentarem os espa\u00e7os p\u00fablicos. A equipe organizadora d\u00e1 algumas sugest\u00f5es para que o passeio aconte\u00e7a da melhor forma, como por exemplo, levar repelente; protetor solar; vestir roupas leves; levar roupas de banho (inclusive para adultos); cangas ou cadeiras de praia; brinquedos l\u00fadicos; lanche e sacos para lixo.<\/p>\n<p>&#8220;Para a alegria da crian\u00e7ada, teremos a presen\u00e7a do Teatroche com conta\u00e7\u00e3o de hist\u00f3rias, bonecos de fantoches e brincadeiras&#8221;, destaca Caroline Mizurine, do Mopam.<\/p>\n<p>Para encerrar as atividades, haver\u00e1 curso de Alfabetiza\u00e7\u00e3o Multissensorial no dia 27 de abril, a partir das 9h. O encontro ser\u00e1 realizado no Royal Maca\u00e9 Palace Hotel, com a ministrante Zilanda Souza. Haver\u00e1, tamb\u00e9m, participa\u00e7\u00e3o virtual com \u00c9rica Barbieri (Projeto Autismo na Escola). As inscri\u00e7\u00f5es podem ser feitas pelos telefones (21) 083709557\/986661299.<\/p>\n<p><strong>Autismo e Capsi<\/p>\n<p><\/strong>Os transtornos do espectro autista (TEA), como o pr\u00f3prio nome sinaliza, englobam uma s\u00e9rie de diferentes apresenta\u00e7\u00f5es do quadro, que t\u00eam em comum: maior ou menor limita\u00e7\u00e3o na comunica\u00e7\u00e3o, seja linguagem verbal e\/ ou n\u00e3o verbal; na intera\u00e7\u00e3o social; comportamentos caracteristicamente estereotipados, repetitivos e com gama restrita de interesses.<\/p>\n<p>Em Maca\u00e9, o tratamento do autismo pode se feito pelo Centro de Aten\u00e7\u00e3o Psicossocial Infanto-Juvenil Oficina da Vida (Capsi). Cerca de 200 crian\u00e7as e adolescentes s\u00e3o atendidos por meio do trabalho de equipe multidisciplinar formada por psic\u00f3logos, psiquiatra, assistente social, fonoaudi\u00f3logos, terapeuta ocupacional, musicoterapeuta, fisioterapeuta, enfermeiro e t\u00e9cnico de enfermagem.<\/p>\n<p>O Capsi funciona no endere\u00e7o Rua Dr. Francisco Portela 239, ou pelo telefone 2796-13<\/p>\n<p>Fonte: Prefeitura de Maca\u00e9<br \/>\nJornalista: Tatiana Gama<br \/>\n<b>Foto:<\/b>\u00a0Divulga\u00e7\u00e3o<\/p>\n","protected":false},"excerpt":{"rendered":"<p>A programa\u00e7\u00e3o do m\u00eas de conscientiza\u00e7\u00e3o do autismo continua. No pr\u00f3ximo domingo (14), o grupo de m\u00e3es Motivados pelo Autismo<\/p>\n","protected":false},"author":7,"featured_media":12715,"comment_status":"open","ping_status":"open","sticky":false,"template":"","format":"standard","meta":{"footnotes":""},"categories":[177],"tags":[288],"class_list":["post-12714","post","type-post","status-publish","format-standard","has-post-thumbnail","hentry","category-materias","tag-macae"],"_links":{"self":[{"href":"https:\/\/www.azullimao.com.br\/portal\/wp-json\/wp\/v2\/posts\/12714","targetHints":{"allow":["GET"]}}],"collection":[{"href":"https:\/\/www.azullimao.com.br\/portal\/wp-json\/wp\/v2\/posts"}],"about":[{"href":"https:\/\/www.azullimao.com.br\/portal\/wp-json\/wp\/v2\/types\/post"}],"author":[{"embeddable":true,"href":"https:\/\/www.azullimao.com.br\/portal\/wp-json\/wp\/v2\/users\/7"}],"replies":[{"embeddable":true,"href":"https:\/\/www.azullimao.com.br\/portal\/wp-json\/wp\/v2\/comments?post=12714"}],"version-history":[{"count":1,"href":"https:\/\/www.azullimao.com.br\/portal\/wp-json\/wp\/v2\/posts\/12714\/revisions"}],"predecessor-version":[{"id":12716,"href":"https:\/\/www.azullimao.com.br\/portal\/wp-json\/wp\/v2\/posts\/12714\/revisions\/12716"}],"wp:featuredmedia":[{"embeddable":true,"href":"https:\/\/www.azullimao.com.br\/portal\/wp-json\/wp\/v2\/media\/12715"}],"wp:attachment":[{"href":"https:\/\/www.azullimao.com.br\/portal\/wp-json\/wp\/v2\/media?parent=12714"}],"wp:term":[{"taxonomy":"category","embeddable":true,"href":"https:\/\/www.azullimao.com.br\/portal\/wp-json\/wp\/v2\/categories?post=12714"},{"taxonomy":"post_tag","embeddable":true,"href":"https:\/\/www.azullimao.com.br\/portal\/wp-json\/wp\/v2\/tags?post=12714"}],"curies":[{"name":"wp","href":"https:\/\/api.w.org\/{rel}","templated":true}]}}