{"id":12692,"date":"2019-04-08T16:12:44","date_gmt":"2019-04-08T19:12:44","guid":{"rendered":"http:\/\/www.azullimao.com.br\/portal\/?p=12692"},"modified":"2019-04-08T16:12:44","modified_gmt":"2019-04-08T19:12:44","slug":"prefeitura-divulga-leiaute-da-nova-estrutura-do-terminal-central","status":"publish","type":"post","link":"https:\/\/www.azullimao.com.br\/portal\/materias\/prefeitura-divulga-leiaute-da-nova-estrutura-do-terminal-central\/","title":{"rendered":"Prefeitura divulga leiaute da nova estrutura do Terminal Central"},"content":{"rendered":"<p>Com cobertura mais din\u00e2mica, o leiaute da nova estrutura do Terminal Central j\u00e1 foi conclu\u00eddo pela Secretaria de Infraestrutura, por meio da Secretaria Adjunta de Obras. A reforma ter\u00e1 substitui\u00e7\u00f5es da estrutura e telhado, reparos no piso e banheiros. A obra contar\u00e1, tamb\u00e9m, com novas instala\u00e7\u00f5es el\u00e9trica e hidr\u00e1ulica. Toda ilumina\u00e7\u00e3o receber\u00e1 l\u00e2mpadas de led para economia de energia. A expectativa \u00e9 que as interven\u00e7\u00f5es sejam entregues no segundo semestre.<\/p>\n<p><img loading=\"lazy\" decoding=\"async\" class=\"wp-image-12694 aligncenter\" src=\"https:\/\/www.azullimao.com.br\/portal\/wp-content\/uploads\/2019\/04\/Captura-de-Tela-2019-04-08-\u00e0s-16.11.52.png\" alt=\"\" width=\"473\" height=\"316\" \/><\/p>\n<p>Para a execu\u00e7\u00e3o da reforma, a empresa contratada realizou a limpeza do espa\u00e7o e a remo\u00e7\u00e3o de toda estrutura met\u00e1lica, condenada ap\u00f3s avalia\u00e7\u00e3o. O material j\u00e1 foi encaminhado para a Secretaria de Mobilidade Urbana, sendo disponibilizado para leil\u00e3o.<\/p>\n<p>O in\u00edcio da montagem da nova estrutura, que est\u00e1 sendo fabricada na empresa contratada, est\u00e1 previsto para a partir da segunda quinzena deste m\u00eas. A estrutura antiga foi retirada e ser\u00e3o aproveitadas todas as bases.<\/p>\n<p>De acordo com o secret\u00e1rio adjunto de Obras, Marcelo Mussi, a ideia foi priorizar as calhas com caimento da \u00e1gua da chuva para o lado externo. O projeto traz ainda a invers\u00e3o dos port\u00f5es de entrada e sa\u00edda, proporcionando maior fluidez no tr\u00e2nsito interno e ao redor. Com isso, o n\u00famero de vagas no estacionamento do terminal de passageiros ser\u00e1 ampliado. A expectativa, segundo ele, \u00e9 passar de 14 para 17 vagas.<\/p>\n<p><img loading=\"lazy\" decoding=\"async\" class=\"alignnone  wp-image-12695 aligncenter\" src=\"https:\/\/www.azullimao.com.br\/portal\/wp-content\/uploads\/2019\/04\/Captura-de-Tela-2019-04-08-\u00e0s-16.11.35.png\" alt=\"\" width=\"503\" height=\"335\" \/><\/p>\n<p><strong>Provis\u00f3rio <\/strong><br \/>\nPara facilitar a mobilidade dos cerca de 30 mil passageiros que, atualmente, utilizam o transporte p\u00fablico no munic\u00edpio, a Prefeitura de Maca\u00e9 construiu um terminal provis\u00f3rio, na Rua Manoel Joaquim Reis (rua da Feirinha da Ro\u00e7a), que funciona durante a reforma do Terminal Central.<\/p>\n<p><a href=\"http:\/\/www.macae.rj.gov.br\/noticias\/leitura\/noticia\/prefeitura-divulga-leiaute-da-nova-estrutura-do-terminal-central\" target=\"_blank\" rel=\"noopener noreferrer\">Fonte: Prefeitura de Maca\u00e9<\/a><br \/>\nJornalista: Tatiana Gama<\/p>\n","protected":false},"excerpt":{"rendered":"<p>Com cobertura mais din\u00e2mica, o leiaute da nova estrutura do Terminal Central j\u00e1 foi conclu\u00eddo pela Secretaria de Infraestrutura, por<\/p>\n","protected":false},"author":7,"featured_media":12693,"comment_status":"open","ping_status":"open","sticky":false,"template":"","format":"standard","meta":{"footnotes":""},"categories":[177],"tags":[],"class_list":["post-12692","post","type-post","status-publish","format-standard","has-post-thumbnail","hentry","category-materias"],"_links":{"self":[{"href":"https:\/\/www.azullimao.com.br\/portal\/wp-json\/wp\/v2\/posts\/12692","targetHints":{"allow":["GET"]}}],"collection":[{"href":"https:\/\/www.azullimao.com.br\/portal\/wp-json\/wp\/v2\/posts"}],"about":[{"href":"https:\/\/www.azullimao.com.br\/portal\/wp-json\/wp\/v2\/types\/post"}],"author":[{"embeddable":true,"href":"https:\/\/www.azullimao.com.br\/portal\/wp-json\/wp\/v2\/users\/7"}],"replies":[{"embeddable":true,"href":"https:\/\/www.azullimao.com.br\/portal\/wp-json\/wp\/v2\/comments?post=12692"}],"version-history":[{"count":1,"href":"https:\/\/www.azullimao.com.br\/portal\/wp-json\/wp\/v2\/posts\/12692\/revisions"}],"predecessor-version":[{"id":12696,"href":"https:\/\/www.azullimao.com.br\/portal\/wp-json\/wp\/v2\/posts\/12692\/revisions\/12696"}],"wp:featuredmedia":[{"embeddable":true,"href":"https:\/\/www.azullimao.com.br\/portal\/wp-json\/wp\/v2\/media\/12693"}],"wp:attachment":[{"href":"https:\/\/www.azullimao.com.br\/portal\/wp-json\/wp\/v2\/media?parent=12692"}],"wp:term":[{"taxonomy":"category","embeddable":true,"href":"https:\/\/www.azullimao.com.br\/portal\/wp-json\/wp\/v2\/categories?post=12692"},{"taxonomy":"post_tag","embeddable":true,"href":"https:\/\/www.azullimao.com.br\/portal\/wp-json\/wp\/v2\/tags?post=12692"}],"curies":[{"name":"wp","href":"https:\/\/api.w.org\/{rel}","templated":true}]}}