{"id":12556,"date":"2019-04-02T10:58:54","date_gmt":"2019-04-02T13:58:54","guid":{"rendered":"http:\/\/www.azullimao.com.br\/portal\/?p=12556"},"modified":"2019-04-02T10:59:07","modified_gmt":"2019-04-02T13:59:07","slug":"8-festival-da-sardinha-samba-e-choro-comeca-nesta-quinta-na-orla","status":"publish","type":"post","link":"https:\/\/www.azullimao.com.br\/portal\/materias\/8-festival-da-sardinha-samba-e-choro-comeca-nesta-quinta-na-orla\/","title":{"rendered":"8\u00b0 Festival da Sardinha Samba e Choro come\u00e7a nesta quinta na orla"},"content":{"rendered":"<p>Abrindo o calend\u00e1rio de eventos deste ano, o Polo Gastron\u00f4mico Praia dos Cavaleiros promover\u00e1, a partir desta quinta-feira, dia 04, o 8\u00b0 Festival da Sardinha Samba e Choro, com pratos desenvolvidos pelos chefs dos restaurantes associados tendo como ingrediente principal a sardinha. Este ano o Festival acontecer\u00e1 internamente entre os restaurantes participantes, que ir\u00e3o desenvolver suas respectivas programa\u00e7\u00f5es. A expectativa \u00e9 que o evento movimente a economia local, pesqueira e o turismo regional com a venda de meia tonelada de sardinha. Os pratos ser\u00e3o comercializados entre R$10 e R$ 20. O circuito nos restaurantes vai at\u00e9 o dia 14 de abril.<\/p>\n<p>Entre os associados participantes est\u00e3o o H Kills Burguer, Ilhote Sul, Picanha do Z\u00e9, Durval, Esta\u00e7\u00e3o da Praia e Luiggi Ristorante.<\/p>\n<p>O Polo j\u00e1 est\u00e1 organizando os pr\u00f3ximos eventos: Festival de Frutos do Mar, no Mercado de Peixes, nos dias 04 e 05 de maio; Beer Beach Burger, de 06 a 08 de junho; Festival de Comida de Buteco entre os dias 03 e 05 de outubro; e o maior deles, o Festival Gastron\u00f4mico, que sempre \u00e9 realizado no m\u00eas de agosto com data sendo definida pelos organizadores.<\/p>\n<p><a href=\"http:\/\/www.macae.rj.gov.br\/noticias\/leitura\/noticia\/8-festival-da-sardinha-samba-e-choro-comeca-nesta-quinta-na-orla\" target=\"_blank\" rel=\"noopener noreferrer\">Fonte: Prefeitura de Maca\u00e9<\/a><br \/>\n<b>Foto:<\/b>\u00a0Maur\u00edcio Por\u00e3o<\/p>\n","protected":false},"excerpt":{"rendered":"<p>Abrindo o calend\u00e1rio de eventos deste ano, o Polo Gastron\u00f4mico Praia dos Cavaleiros promover\u00e1, a partir desta quinta-feira, dia 04,<\/p>\n","protected":false},"author":7,"featured_media":12557,"comment_status":"open","ping_status":"open","sticky":false,"template":"","format":"standard","meta":{"footnotes":""},"categories":[177],"tags":[288],"class_list":["post-12556","post","type-post","status-publish","format-standard","has-post-thumbnail","hentry","category-materias","tag-macae"],"_links":{"self":[{"href":"https:\/\/www.azullimao.com.br\/portal\/wp-json\/wp\/v2\/posts\/12556","targetHints":{"allow":["GET"]}}],"collection":[{"href":"https:\/\/www.azullimao.com.br\/portal\/wp-json\/wp\/v2\/posts"}],"about":[{"href":"https:\/\/www.azullimao.com.br\/portal\/wp-json\/wp\/v2\/types\/post"}],"author":[{"embeddable":true,"href":"https:\/\/www.azullimao.com.br\/portal\/wp-json\/wp\/v2\/users\/7"}],"replies":[{"embeddable":true,"href":"https:\/\/www.azullimao.com.br\/portal\/wp-json\/wp\/v2\/comments?post=12556"}],"version-history":[{"count":2,"href":"https:\/\/www.azullimao.com.br\/portal\/wp-json\/wp\/v2\/posts\/12556\/revisions"}],"predecessor-version":[{"id":12559,"href":"https:\/\/www.azullimao.com.br\/portal\/wp-json\/wp\/v2\/posts\/12556\/revisions\/12559"}],"wp:featuredmedia":[{"embeddable":true,"href":"https:\/\/www.azullimao.com.br\/portal\/wp-json\/wp\/v2\/media\/12557"}],"wp:attachment":[{"href":"https:\/\/www.azullimao.com.br\/portal\/wp-json\/wp\/v2\/media?parent=12556"}],"wp:term":[{"taxonomy":"category","embeddable":true,"href":"https:\/\/www.azullimao.com.br\/portal\/wp-json\/wp\/v2\/categories?post=12556"},{"taxonomy":"post_tag","embeddable":true,"href":"https:\/\/www.azullimao.com.br\/portal\/wp-json\/wp\/v2\/tags?post=12556"}],"curies":[{"name":"wp","href":"https:\/\/api.w.org\/{rel}","templated":true}]}}