{"id":12499,"date":"2019-03-28T18:03:18","date_gmt":"2019-03-28T21:03:18","guid":{"rendered":"http:\/\/www.azullimao.com.br\/portal\/?p=12499"},"modified":"2019-03-28T18:06:14","modified_gmt":"2019-03-28T21:06:14","slug":"arduino-day-acontece-neste-sabado","status":"publish","type":"post","link":"https:\/\/www.azullimao.com.br\/portal\/colunas\/renato-martins\/arduino-day-acontece-neste-sabado\/","title":{"rendered":"Arduino Day acontece neste s\u00e1bado"},"content":{"rendered":"<p>Maca\u00e9 ser\u00e1 sede neste s\u00e1bado (30) do Arduino Day 2019, das 13h30 \u00e0s 18h30, na Cidade Universit\u00e1ria. A programa\u00e7\u00e3o internacional, que est\u00e1 acontecendo neste m\u00eas em v\u00e1rios pa\u00edses, tem o objetivo de compartilhar experi\u00eancias do Ardu\u00edno, uma plataforma de prototipagem eletr\u00f4nica de hardware livre. Para participar, o interessado deve ter acima de 12 anos e se inscrever <strong><a href=\"https:\/\/docs.google.com\/forms\/d\/e\/1FAIpQLSd1G6j78NAvv8ba-eiWs9tQWBGPlcHDO4qAPco_1ZQ4yYS5BQ\/viewform\" target=\"_blank\" rel=\"noopener noreferrer\">clicando aqui.<\/a><\/strong><\/p>\n<p>O munic\u00edpio \u00e9 o \u00fanico da regi\u00e3o a receber o evento, que contar\u00e1 com palestras, oficinas e exposi\u00e7\u00f5es sobre temas atuais da tecnologia, como rob\u00f3tica, intelig\u00eancia artificial, internet e automa\u00e7\u00e3o. As atividades ser\u00e3o gratuitas. No Estado do Rio de Janeiro, a programa\u00e7\u00e3o acontece somente na capital do Rio de Janeiro, Visconde de Mau\u00e1 e Maca\u00e9. Atualmente, o Arduino \u00e9 conhecido e utilizado no mundo todo e sua cria\u00e7\u00e3o \u00e9 celebrada em cerca de cem pa\u00edses.<\/p>\n<p>O Arduino Day \u00e9 um evento que celebra a cria\u00e7\u00e3o da plataforma de hardware livre Arduino, criada em 2005, na It\u00e1lia. De acordo com registros, o baixo custo e a manipula\u00e7\u00e3o acess\u00edvel deste dispositivo revolucionaram o desenvolvimento e controle de sistemas interativos, tornando a computa\u00e7\u00e3o f\u00edsica acess\u00edvel a todos.<\/p>\n<p>Em Maca\u00e9, o evento contar\u00e1 com apoio da equipe do #Inovareaprender. A professora idealizadora do programa e designer educacional, Luemy \u00c1vila, afirma que Maca\u00e9 est\u00e1 se fortalecendo na \u00e1rea da inova\u00e7\u00e3o. &#8220;A realiza\u00e7\u00e3o do &#8216;Arduino Day&#8217; em Maca\u00e9 promove a troca de conhecimentos sobre os prot\u00f3tipos feitos em arduino e contribui na intera\u00e7\u00e3o dos apaixonados por tecnologia. O ambiente ser\u00e1 prop\u00edcio para o p\u00fablico avan\u00e7ar na inclus\u00e3o digital&#8221;, explica. A Cidade Universit\u00e1ria funciona \u00e0 Rua Alo\u00edsio da Silva Gomes, 50, bairro Granja dos Cavaleiros.<\/p>\n<p style=\"text-align: center;\"><img loading=\"lazy\" decoding=\"async\" class=\"alignnone size-full wp-image-12501\" src=\"https:\/\/www.azullimao.com.br\/portal\/wp-content\/uploads\/2019\/03\/Captura-de-Tela-2019-03-28-\u00e0s-18.01.31.png\" alt=\"\" width=\"309\" height=\"549\" \/><\/p>\n<div><a href=\"http:\/\/www.macae.rj.gov.br\/noticias\/leitura\/noticia\/arduino-day-acontece-neste-sabado#prettyPhoto\" target=\"_blank\" rel=\"noopener noreferrer\">Fonte: Prefeitura de Maca\u00e9<\/a><br \/>\nJornalista: Joice Trindade<br \/>\nFoto: Google Imagens<\/div>\n<div class=\"space\"><\/div>\n<div id=\"content-news-photos-related\"><\/div>\n","protected":false},"excerpt":{"rendered":"<p>Maca\u00e9 ser\u00e1 sede neste s\u00e1bado (30) do Arduino Day 2019, das 13h30 \u00e0s 18h30, na Cidade Universit\u00e1ria. A programa\u00e7\u00e3o internacional,<\/p>\n","protected":false},"author":7,"featured_media":12502,"comment_status":"open","ping_status":"open","sticky":false,"template":"","format":"standard","meta":{"footnotes":""},"categories":[192,166,173],"tags":[],"class_list":["post-12499","post","type-post","status-publish","format-standard","has-post-thumbnail","hentry","category-colunas","category-renato-martins","category-tecnologia"],"_links":{"self":[{"href":"https:\/\/www.azullimao.com.br\/portal\/wp-json\/wp\/v2\/posts\/12499","targetHints":{"allow":["GET"]}}],"collection":[{"href":"https:\/\/www.azullimao.com.br\/portal\/wp-json\/wp\/v2\/posts"}],"about":[{"href":"https:\/\/www.azullimao.com.br\/portal\/wp-json\/wp\/v2\/types\/post"}],"author":[{"embeddable":true,"href":"https:\/\/www.azullimao.com.br\/portal\/wp-json\/wp\/v2\/users\/7"}],"replies":[{"embeddable":true,"href":"https:\/\/www.azullimao.com.br\/portal\/wp-json\/wp\/v2\/comments?post=12499"}],"version-history":[{"count":2,"href":"https:\/\/www.azullimao.com.br\/portal\/wp-json\/wp\/v2\/posts\/12499\/revisions"}],"predecessor-version":[{"id":12504,"href":"https:\/\/www.azullimao.com.br\/portal\/wp-json\/wp\/v2\/posts\/12499\/revisions\/12504"}],"wp:featuredmedia":[{"embeddable":true,"href":"https:\/\/www.azullimao.com.br\/portal\/wp-json\/wp\/v2\/media\/12502"}],"wp:attachment":[{"href":"https:\/\/www.azullimao.com.br\/portal\/wp-json\/wp\/v2\/media?parent=12499"}],"wp:term":[{"taxonomy":"category","embeddable":true,"href":"https:\/\/www.azullimao.com.br\/portal\/wp-json\/wp\/v2\/categories?post=12499"},{"taxonomy":"post_tag","embeddable":true,"href":"https:\/\/www.azullimao.com.br\/portal\/wp-json\/wp\/v2\/tags?post=12499"}],"curies":[{"name":"wp","href":"https:\/\/api.w.org\/{rel}","templated":true}]}}