{"id":12326,"date":"2019-03-20T18:16:30","date_gmt":"2019-03-20T21:16:30","guid":{"rendered":"http:\/\/www.azullimao.com.br\/portal\/?p=12326"},"modified":"2019-03-20T18:16:30","modified_gmt":"2019-03-20T21:16:30","slug":"petrobras-anuncia-investimentos-de-20-bilhoes-de-dolares-na-bacia-de-campos","status":"publish","type":"post","link":"https:\/\/www.azullimao.com.br\/portal\/materias\/petrobras-anuncia-investimentos-de-20-bilhoes-de-dolares-na-bacia-de-campos\/","title":{"rendered":"Petrobras anuncia investimentos de 20 bilh\u00f5es de d\u00f3lares na Bacia de Campos"},"content":{"rendered":"<p>Em reuni\u00e3o com o governador do Rio, Wilson Witzel, na segunda-feira (18), o presidente da Petrobras, Roberto Castelo Branco, anunciou investimentos de U$ 20 bilh\u00f5es na revitaliza\u00e7\u00e3o da Bacia de Campos. Ao todo, a estatal ir\u00e1 investir U$ 57,9 bilh\u00f5es no Estado do Rio de Janeiro ao longo de cinco anos (2019-2023). O prefeito de Maca\u00e9, Dr. Aluizio, comemorou o an\u00fancio, lembrando das campanhas realizadas para que a cidade volte a gerar empregos e renda para a popula\u00e7\u00e3o.<\/p>\n<p>&#8220;Quando iniciamos a campanha &#8220;menos royalties, mais empregos&#8221; e &#8220;bacia de campos \u00e9 preciso investir&#8221;, t\u00ednhamos uma certeza que os campos maduros eram um conjunto de atividades em prol da gera\u00e7\u00e3o de empregos na cidade e regi\u00e3o&#8221;, comentou o prefeito em uma rede social.<\/p>\n<p>No v\u00eddeo postado pelo governador do Rio, Roberto Castelo Branco afirmou que esses investimentos trar\u00e3o um novo momento para o estado do Rio de Janeiro.<\/p>\n<p>&#8220;Vinte bilh\u00f5es de d\u00f3lares ser\u00e3o destinados \u00e0 revitaliza\u00e7\u00e3o dos campos da Bacia de Campos. N\u00f3s acreditamos que o Rio de Janeiro ter\u00e1 um significativo impulso em sua economia gra\u00e7as aos investimentos na ind\u00fastria do petr\u00f3leo&#8221;, disse o presidente da Petrobras.<\/p>\n<p>O governador tamb\u00e9m se colocou \u00e0 disposi\u00e7\u00e3o da Petrobras, oferecendo todo apoio necess\u00e1rio para a retomada das obras do Complexo Petroqu\u00edmico do Rio de Janeiro (Comperj). Tamb\u00e9m comemorou o an\u00fancio para o desenvolvimento dos campos maduros na regi\u00e3o de Maca\u00e9.<\/p>\n<p>&#8220;S\u00e3o mais empregos, mais renda e um futuro melhor para o nosso o Rio de Janeiro&#8221;, completou Wilson Witzel.<\/p>\n<p><strong>&#8220;Menos royalties, mais emprego&#8221;<\/strong> &#8211; A necessidade de investimentos na Bacia de Campos tem sido ressaltada pelo prefeito Dr. Aluizio. O governo municipal criou as campanhas &#8220;#Bacia de Campos, \u00e9 preciso investir&#8221; e &#8220;#menos royalties, mais emprego&#8221; para mobilizar a sociedade e a ind\u00fastria sobre a import\u00e2ncia de iniciativas que garantam \u00e0 Bacia de Campos todo o suporte para atender \u00e0 retomada do crescimento na regi\u00e3o.<\/p>\n<p><a href=\"http:\/\/www.macae.rj.gov.br\/noticias\/leitura\/noticia\/petrobras-anuncia-investimentos-de-20-bilhoes-de-dolares-na-bacia-de-campos\" target=\"_blank\" rel=\"noopener noreferrer\">Fonte: Prefeitura de Maca\u00e9<\/a><br \/>\n<b>Foto:<\/b> Rui Porto Filho &#8211; Arquivo Secom<\/p>\n","protected":false},"excerpt":{"rendered":"<p>Em reuni\u00e3o com o governador do Rio, Wilson Witzel, na segunda-feira (18), o presidente da Petrobras, Roberto Castelo Branco, anunciou<\/p>\n","protected":false},"author":7,"featured_media":12327,"comment_status":"open","ping_status":"open","sticky":false,"template":"","format":"standard","meta":{"footnotes":""},"categories":[177],"tags":[288],"class_list":["post-12326","post","type-post","status-publish","format-standard","has-post-thumbnail","hentry","category-materias","tag-macae"],"_links":{"self":[{"href":"https:\/\/www.azullimao.com.br\/portal\/wp-json\/wp\/v2\/posts\/12326","targetHints":{"allow":["GET"]}}],"collection":[{"href":"https:\/\/www.azullimao.com.br\/portal\/wp-json\/wp\/v2\/posts"}],"about":[{"href":"https:\/\/www.azullimao.com.br\/portal\/wp-json\/wp\/v2\/types\/post"}],"author":[{"embeddable":true,"href":"https:\/\/www.azullimao.com.br\/portal\/wp-json\/wp\/v2\/users\/7"}],"replies":[{"embeddable":true,"href":"https:\/\/www.azullimao.com.br\/portal\/wp-json\/wp\/v2\/comments?post=12326"}],"version-history":[{"count":1,"href":"https:\/\/www.azullimao.com.br\/portal\/wp-json\/wp\/v2\/posts\/12326\/revisions"}],"predecessor-version":[{"id":12328,"href":"https:\/\/www.azullimao.com.br\/portal\/wp-json\/wp\/v2\/posts\/12326\/revisions\/12328"}],"wp:featuredmedia":[{"embeddable":true,"href":"https:\/\/www.azullimao.com.br\/portal\/wp-json\/wp\/v2\/media\/12327"}],"wp:attachment":[{"href":"https:\/\/www.azullimao.com.br\/portal\/wp-json\/wp\/v2\/media?parent=12326"}],"wp:term":[{"taxonomy":"category","embeddable":true,"href":"https:\/\/www.azullimao.com.br\/portal\/wp-json\/wp\/v2\/categories?post=12326"},{"taxonomy":"post_tag","embeddable":true,"href":"https:\/\/www.azullimao.com.br\/portal\/wp-json\/wp\/v2\/tags?post=12326"}],"curies":[{"name":"wp","href":"https:\/\/api.w.org\/{rel}","templated":true}]}}