{"id":12236,"date":"2019-03-19T10:10:45","date_gmt":"2019-03-19T13:10:45","guid":{"rendered":"http:\/\/www.azullimao.com.br\/portal\/?p=12236"},"modified":"2019-03-19T10:11:08","modified_gmt":"2019-03-19T13:11:08","slug":"beco-das-artes-em-macae-lanca-concurso-de-fotografia","status":"publish","type":"post","link":"https:\/\/www.azullimao.com.br\/portal\/materias\/beco-das-artes-em-macae-lanca-concurso-de-fotografia\/","title":{"rendered":"Beco das Artes em Maca\u00e9, lan\u00e7a concurso de fotografia"},"content":{"rendered":"\n<p><em><strong> Inscri\u00e7\u00f5es podem ser feitas at\u00e9 o dia 14 de abril nas categorias profissional e \u00a0amador <\/strong><\/em><\/p>\n\n\n\n<p>Voc\u00ea que gosta de fotografia n\u00e3o pode perder a oportunidade em se inscrever no primeiro concurso de fotografia de smartphones promovido pela Rua Beco das Artes. A Mobigrafia \u00e9 o conceito dado a fotografias usando dispositivos m\u00f3veis, como smartphones. Com o tema: \u201cInterven\u00e7\u00f5es Art\u00edsticas: seu olhar fotogr\u00e1fico sobre imagens a c\u00e9u aberto\u201d, o concurso tem com objetivo retratar atrav\u00e9s de perspectivas criativas, o olhar fotogr\u00e1fico dos autores utilizando exclusivamente smartphones nas interven\u00e7\u00f5es art\u00edsticas da Rua Beco das Artes. Qualquer pessoa acima de 15 anos pode participar nas categorias profissional ou amador. Podem ser utilizadas t\u00e9cnica livres de cria\u00e7\u00e3o, recursos complementares de modelos e manequins, programas espec\u00edficos na edi\u00e7\u00e3o, filtros especiais, amplia\u00e7\u00e3o, entre outros recursos utiliz\u00e1veis dentro do seu Smartphone. As inscri\u00e7\u00f5es podem ser feitas at\u00e9 o dia 14 de abril atrav\u00e9s do e-mail: <a href=\"mailto:becodasartesmacae@gmail.com.br\" target=\"_blank\" rel=\"noreferrer noopener\">becodasartesmacae@gmail.com.br<\/a>, mediante ao preenchimento dos requisitos no edital do concurso que est\u00e1 dispon\u00edvel no facebook e instagram da Rua Beco das Artes. O resultado acontece no dia 29 de abril pelas redes sociais oficiais do Beco das Artes. <br><\/p>\n\n\n\n<p>As fotografias ser\u00e3o julgadas por um time de fot\u00f3grafos profissionais da regi\u00e3o que v\u00e3o avaliar crit\u00e9rios est\u00e9ticos da imagem, representa\u00e7\u00e3o e elementos compositivos e inovadores sobre o tema. Ser\u00e3o premiadas tr\u00eas fotos por categoria. Os pr\u00eamios s\u00e3o: um jantar com acompanhante em um restaurante da cidade; um final de semana em um hotel ou pousada na regi\u00e3o, um curso fotogr\u00e1fico e outro de ingl\u00eas, uma mochila e um smartphone. O vencedor ainda ter\u00e1 sua fotografia impressa em uma s\u00e9rie de cart\u00f5es postais que ser\u00e1 lan\u00e7ado pelo Beco das Artes. <\/p>\n\n\n\n<p>Fonte e foto: ass. Comuni\u00e7\u00e3o<br>Jornalista: <em>Alysson Nogueira<\/em><br><br><\/p>\n","protected":false},"excerpt":{"rendered":"<p>Inscri\u00e7\u00f5es podem ser feitas at\u00e9 o dia 14 de abril nas categorias profissional e \u00a0amador Voc\u00ea que gosta de fotografia<\/p>\n","protected":false},"author":7,"featured_media":12237,"comment_status":"open","ping_status":"open","sticky":false,"template":"","format":"standard","meta":{"footnotes":""},"categories":[177],"tags":[288],"class_list":["post-12236","post","type-post","status-publish","format-standard","has-post-thumbnail","hentry","category-materias","tag-macae"],"_links":{"self":[{"href":"https:\/\/www.azullimao.com.br\/portal\/wp-json\/wp\/v2\/posts\/12236","targetHints":{"allow":["GET"]}}],"collection":[{"href":"https:\/\/www.azullimao.com.br\/portal\/wp-json\/wp\/v2\/posts"}],"about":[{"href":"https:\/\/www.azullimao.com.br\/portal\/wp-json\/wp\/v2\/types\/post"}],"author":[{"embeddable":true,"href":"https:\/\/www.azullimao.com.br\/portal\/wp-json\/wp\/v2\/users\/7"}],"replies":[{"embeddable":true,"href":"https:\/\/www.azullimao.com.br\/portal\/wp-json\/wp\/v2\/comments?post=12236"}],"version-history":[{"count":2,"href":"https:\/\/www.azullimao.com.br\/portal\/wp-json\/wp\/v2\/posts\/12236\/revisions"}],"predecessor-version":[{"id":12239,"href":"https:\/\/www.azullimao.com.br\/portal\/wp-json\/wp\/v2\/posts\/12236\/revisions\/12239"}],"wp:featuredmedia":[{"embeddable":true,"href":"https:\/\/www.azullimao.com.br\/portal\/wp-json\/wp\/v2\/media\/12237"}],"wp:attachment":[{"href":"https:\/\/www.azullimao.com.br\/portal\/wp-json\/wp\/v2\/media?parent=12236"}],"wp:term":[{"taxonomy":"category","embeddable":true,"href":"https:\/\/www.azullimao.com.br\/portal\/wp-json\/wp\/v2\/categories?post=12236"},{"taxonomy":"post_tag","embeddable":true,"href":"https:\/\/www.azullimao.com.br\/portal\/wp-json\/wp\/v2\/tags?post=12236"}],"curies":[{"name":"wp","href":"https:\/\/api.w.org\/{rel}","templated":true}]}}