{"id":12233,"date":"2019-03-19T09:34:10","date_gmt":"2019-03-19T12:34:10","guid":{"rendered":"http:\/\/www.azullimao.com.br\/portal\/?p=12233"},"modified":"2019-03-19T09:34:11","modified_gmt":"2019-03-19T12:34:11","slug":"parque-do-barreto-comemorara-dia-mundial-da-agua","status":"publish","type":"post","link":"https:\/\/www.azullimao.com.br\/portal\/materias\/parque-do-barreto-comemorara-dia-mundial-da-agua\/","title":{"rendered":"Parque do Barreto comemorar\u00e1 Dia Mundial da \u00c1gua"},"content":{"rendered":"\n<p>O Parque Municipal da Restinga do Barreto vai comemorar o Dia Mundial da \u00c1gua, celebrado no mundo inteiro, na pr\u00f3xima sexta-feira (22), com atividades relacionadas \u00e0 conscientiza\u00e7\u00e3o do uso da \u00e1gua. Com a abertura \u00e0s 9h, a ser realizada pela banda da Escola Municipal Generino Teot\u00f4nio de Luna, o evento contar\u00e1 com quatro estandes espalhados pelo parque. Cada um trar\u00e1 uma proposta diferente sobre o tema \u00e1gua.<\/p>\n\n\n\n<p>Os locais de exposi\u00e7\u00e3o tratar\u00e3o de temas como a import\u00e2ncia da \u00e1gua para a restinga e a influ\u00eancia do mar na vegeta\u00e7\u00e3o do Parque do Barreto. Tamb\u00e9m haver\u00e1 refer\u00eancia aos problemas da polui\u00e7\u00e3o da \u00e1gua para a humanidade. Toda a programa\u00e7\u00e3o ser\u00e1 realizada ao longo da manh\u00e3 de sexta-feira.<br><br>De acordo com o bi\u00f3logo da Secretaria de Ambiente e Sustentabilidade, Henrique Abrah\u00e3o Charles, respons\u00e1vel pelo Parque do Barreto, a ideia \u00e9 informar que a \u00e1gua \u00e9 extremamente fundamental para a sa\u00fade do ser humano. &#8220;O homem em si \u00e9 parte \u00e1gua em sua constitui\u00e7\u00e3o&#8221;, lembra Henrique, acrescentando que tamb\u00e9m haver\u00e1 estande mostrando a qu\u00edmica desse elemento da natureza.<br><br><strong>Estandes<\/strong><br><br>O p\u00fablico poder\u00e1 conferir as diversas atra\u00e7\u00f5es dos estandes. O primeiro mostrar\u00e1 os estados f\u00edsicos da \u00e1gua e experimentos cient\u00edficos, com \u00eanfase na tem\u00e1tica: \u00e1gua doce X \u00e1gua salgada.<br><br>J\u00e1 o segundo ponto de exposi\u00e7\u00e3o tratar\u00e1 da dramatiza\u00e7\u00e3o intitulada: &#8220;Terra, Planeta \u00c1gua&#8221;, promovendo ainda uma roda de conversa sobre polui\u00e7\u00e3o e conscientiza\u00e7\u00e3o do uso da \u00e1gua.<br><br>A terceira esta\u00e7\u00e3o far\u00e1 refer\u00eancia ao ciclo da \u00e1gua, \u00e0 \u00e1gua no corpo dos organismos e \u00e0 influ\u00eancia da \u00e1gua no Parque da Restinga do Barreto. No \u00faltimo estande haver\u00e1 trilha ecol\u00f3gica com educa\u00e7\u00e3o ambiental, dando \u00eanfase \u00e0 import\u00e2ncia da \u00e1gua para a floresta e o solo.<br><br>O Parque da Restinga do Barreto fica na Rodovia Amaral Peixoto, S\u00e3o Jos\u00e9 do Barreto, pr\u00f3ximo ao Atacad\u00e3o. Para agendamento e mais informa\u00e7\u00f5es, o contado pode ser feito pelo e-mail\u00a0<a href=\"mailto:parquebarreto.sema@gmail.com\" target=\"_blank\" rel=\"noreferrer noopener\" aria-label=\" (abre numa nova aba)\">parquebarreto.sema@gmail.com<\/a>.<br><\/p>\n\n\n\n<p><a rel=\"noreferrer noopener\" aria-label=\"Fonte: Prefeitura de Maca\u00e9 (abre numa nova aba)\" href=\"http:\/\/www.macae.rj.gov.br\/noticias\/leitura\/noticia\/parque-do-barreto-comemorara-dia-mundial-da-gua\" target=\"_blank\">Fonte: Prefeitura de Maca\u00e9<\/a><br><strong>Foto:<\/strong>\u00a0Rui Porto Filho <br><br><\/p>\n","protected":false},"excerpt":{"rendered":"<p>O Parque Municipal da Restinga do Barreto vai comemorar o Dia Mundial da \u00c1gua, celebrado no mundo inteiro, na pr\u00f3xima<\/p>\n","protected":false},"author":7,"featured_media":12234,"comment_status":"open","ping_status":"open","sticky":false,"template":"","format":"standard","meta":{"footnotes":""},"categories":[177],"tags":[288],"class_list":["post-12233","post","type-post","status-publish","format-standard","has-post-thumbnail","hentry","category-materias","tag-macae"],"_links":{"self":[{"href":"https:\/\/www.azullimao.com.br\/portal\/wp-json\/wp\/v2\/posts\/12233","targetHints":{"allow":["GET"]}}],"collection":[{"href":"https:\/\/www.azullimao.com.br\/portal\/wp-json\/wp\/v2\/posts"}],"about":[{"href":"https:\/\/www.azullimao.com.br\/portal\/wp-json\/wp\/v2\/types\/post"}],"author":[{"embeddable":true,"href":"https:\/\/www.azullimao.com.br\/portal\/wp-json\/wp\/v2\/users\/7"}],"replies":[{"embeddable":true,"href":"https:\/\/www.azullimao.com.br\/portal\/wp-json\/wp\/v2\/comments?post=12233"}],"version-history":[{"count":1,"href":"https:\/\/www.azullimao.com.br\/portal\/wp-json\/wp\/v2\/posts\/12233\/revisions"}],"predecessor-version":[{"id":12235,"href":"https:\/\/www.azullimao.com.br\/portal\/wp-json\/wp\/v2\/posts\/12233\/revisions\/12235"}],"wp:featuredmedia":[{"embeddable":true,"href":"https:\/\/www.azullimao.com.br\/portal\/wp-json\/wp\/v2\/media\/12234"}],"wp:attachment":[{"href":"https:\/\/www.azullimao.com.br\/portal\/wp-json\/wp\/v2\/media?parent=12233"}],"wp:term":[{"taxonomy":"category","embeddable":true,"href":"https:\/\/www.azullimao.com.br\/portal\/wp-json\/wp\/v2\/categories?post=12233"},{"taxonomy":"post_tag","embeddable":true,"href":"https:\/\/www.azullimao.com.br\/portal\/wp-json\/wp\/v2\/tags?post=12233"}],"curies":[{"name":"wp","href":"https:\/\/api.w.org\/{rel}","templated":true}]}}