{"id":12179,"date":"2019-03-15T13:18:59","date_gmt":"2019-03-15T16:18:59","guid":{"rendered":"http:\/\/www.azullimao.com.br\/portal\/?p=12179"},"modified":"2019-03-15T13:28:41","modified_gmt":"2019-03-15T16:28:41","slug":"suica-zurich-vence-leilao-de-aeroportos-de-macae-e-vitoria","status":"publish","type":"post","link":"https:\/\/www.azullimao.com.br\/portal\/materias\/suica-zurich-vence-leilao-de-aeroportos-de-macae-e-vitoria\/","title":{"rendered":"Su\u00ed\u00e7a Zurich vence leil\u00e3o de aeroportos de Maca\u00e9 e Vit\u00f3ria"},"content":{"rendered":"\n<p>Os aeroportos de Vit\u00f3ria (ES) e Maca\u00e9 (RJ), que fazem parte do bloco Sudeste, foram arrematados pela su\u00ed\u00e7a Zurich Airport Latin American por R$ 437 milh\u00f5es, \u00e1gio de 830% sobre o valor m\u00ednimo de R$ 46,9 milh\u00f5es. J\u00e1 a outorga total estimada para os 30 anos da concess\u00e3o \u00e9 de R$ 435 milh\u00f5es. O leil\u00e3o foi realizado nesta sexta-feira (15), na Bolsa de Valores de S\u00e3o Paulo.<\/p>\n\n\n\n<p>Fonte: <a rel=\"noreferrer noopener\" aria-label=\" (abre numa nova aba)\" href=\"http:\/\/www.maxwellvaz.com.br\/index.php?meio=ver_not&amp;id=3099&amp;tp=not&amp;fbclid=IwAR22ZOdpUcCd3opNT7-H53jQvedfGUc1Rr-ohepD4NAMiq3Wo4CVntIDggo\" target=\"_blank\">maxellvaz.com.br<\/a><br>foto: Renato Martins (azul lim\u00e3o)<\/p>\n","protected":false},"excerpt":{"rendered":"<p>Os aeroportos de Vit\u00f3ria (ES) e Maca\u00e9 (RJ), que fazem parte do bloco Sudeste, foram arrematados pela su\u00ed\u00e7a Zurich Airport<\/p>\n","protected":false},"author":7,"featured_media":12180,"comment_status":"open","ping_status":"open","sticky":false,"template":"","format":"standard","meta":{"footnotes":""},"categories":[177],"tags":[1931,1932,288],"class_list":["post-12179","post","type-post","status-publish","format-standard","has-post-thumbnail","hentry","category-materias","tag-aerporto","tag-leilao","tag-macae"],"_links":{"self":[{"href":"https:\/\/www.azullimao.com.br\/portal\/wp-json\/wp\/v2\/posts\/12179","targetHints":{"allow":["GET"]}}],"collection":[{"href":"https:\/\/www.azullimao.com.br\/portal\/wp-json\/wp\/v2\/posts"}],"about":[{"href":"https:\/\/www.azullimao.com.br\/portal\/wp-json\/wp\/v2\/types\/post"}],"author":[{"embeddable":true,"href":"https:\/\/www.azullimao.com.br\/portal\/wp-json\/wp\/v2\/users\/7"}],"replies":[{"embeddable":true,"href":"https:\/\/www.azullimao.com.br\/portal\/wp-json\/wp\/v2\/comments?post=12179"}],"version-history":[{"count":4,"href":"https:\/\/www.azullimao.com.br\/portal\/wp-json\/wp\/v2\/posts\/12179\/revisions"}],"predecessor-version":[{"id":12184,"href":"https:\/\/www.azullimao.com.br\/portal\/wp-json\/wp\/v2\/posts\/12179\/revisions\/12184"}],"wp:featuredmedia":[{"embeddable":true,"href":"https:\/\/www.azullimao.com.br\/portal\/wp-json\/wp\/v2\/media\/12180"}],"wp:attachment":[{"href":"https:\/\/www.azullimao.com.br\/portal\/wp-json\/wp\/v2\/media?parent=12179"}],"wp:term":[{"taxonomy":"category","embeddable":true,"href":"https:\/\/www.azullimao.com.br\/portal\/wp-json\/wp\/v2\/categories?post=12179"},{"taxonomy":"post_tag","embeddable":true,"href":"https:\/\/www.azullimao.com.br\/portal\/wp-json\/wp\/v2\/tags?post=12179"}],"curies":[{"name":"wp","href":"https:\/\/api.w.org\/{rel}","templated":true}]}}