{"id":12060,"date":"2019-03-11T17:14:59","date_gmt":"2019-03-11T20:14:59","guid":{"rendered":"http:\/\/www.azullimao.com.br\/portal\/?p=12060"},"modified":"2019-03-11T17:21:29","modified_gmt":"2019-03-11T20:21:29","slug":"infraero-inaugura-novo-aeroporto-de-macae","status":"publish","type":"post","link":"https:\/\/www.azullimao.com.br\/portal\/materias\/infraero-inaugura-novo-aeroporto-de-macae\/","title":{"rendered":"Infraero inaugura novo Aeroporto de Maca\u00e9"},"content":{"rendered":"\n<p><em>Capacidade ser\u00e1 ampliada para 2,1 milh\u00f5es de passageiros por ano<\/em><\/p>\n\n\n\n<p>A Infraero inaugura amanh\u00e3 (12\/3) o novo terminal de passageiros do Aeroporto de Maca\u00e9 (RJ). Nos \u00faltimos anos, o complexo aeroportu\u00e1rio fluminense recebeu investimentos de aproximadamente R$ 90 milh\u00f5es, sendo R$ 64 milh\u00f5es nas obras do terminal de passageiros e R$ 26 milh\u00f5es nas obras de recupera\u00e7\u00e3o da pista de pousos e decolagens e taxiways.<\/p>\n\n\n\n<p>Com a conclus\u00e3o dos trabalhos, conduzidos pela SIAL Constru\u00e7\u00f5es Civis Ltda, o novo terminal de passageiros passou a ter \u00e1rea de 10,2 mil m\u00b2, quase 20 vezes maior que o espa\u00e7o antigo, que contava com 540 m\u00b2. Com isso, a capacidade de processamento de passageiros tamb\u00e9m foi ampliada em seis vezes, ou seja, agora podem ser recebidos at\u00e9 2,1 milh\u00f5es de passageiros por ano ante os 200 mil anteriores \u00e0 amplia\u00e7\u00e3o. \u201cO novo Aeroporto de Maca\u00e9 vai ajudar a cidade a desenvolver seu potencial no segmento do transporte a\u00e9reo. Com as novas instala\u00e7\u00f5es, as empresas a\u00e9reas ter\u00e3o uma infraestrutura capaz de atender a demanda local, principalmente de voos offshore, com excel\u00eancia em conforto e seguran\u00e7a\u201d, avalia a presidente da Infraero, Martha Seillier.<\/p>\n\n\n\n<p>O novo terminal de passageiros proporciona mais conforto e seguran\u00e7a para passageiros e usu\u00e1rios: as instala\u00e7\u00f5es passaram a ser climatizadas e contam com uma pra\u00e7a de alimenta\u00e7\u00e3o, al\u00e9m de novas esteiras de bagagens no embarque e desembarque, dez novos balc\u00f5es de check-in e um estacionamento de ve\u00edculos ampliado, que passou de 78 para 483 vagas.<\/p>\n\n\n\n<p>J\u00e1 as obras de recupera\u00e7\u00e3o e adequa\u00e7\u00e3o da pista de pousos e decolagens estiveram sob responsabilidade da Conserva de Estradas Ltda. Os servi\u00e7os tamb\u00e9m inclu\u00edram a pavimenta\u00e7\u00e3o dos acostamentos da pista, a implanta\u00e7\u00e3o do sistema de drenagem, balizamento noturno, sinaliza\u00e7\u00e3o horizontal e sinaliza\u00e7\u00e3o vertical. Com o fim da obra, o aeroporto poder\u00e1 receber voos comerciais regulares das empresas interessadas operar na cidade.<\/p>\n\n\n\n<p>Para o superintendente do aeroporto, Wagner Martins Chaves, com a entrega das obras, \u201cMaca\u00e9 contar\u00e1 finalmente com um aeroporto que possui uma pista de pouso e decolagem e um terminal de passageiros condizente com a demanda da cidade, que poder\u00e1 receber aeronaves como o ATR-72\u201d. O gestor explica ainda que as obras de recupera\u00e7\u00e3o da pista de pouso e decolagem v\u00e3o \u201cfomentar a economia e o turismo locais\u201d, acrescenta.&nbsp;<\/p>\n\n\n\n<p><strong>Hist\u00f3rico<\/strong><\/p>\n\n\n\n<p>A cidade de Maca\u00e9 tem seu hist\u00f3rico de desenvolvimento ligado diretamente \u00e0 descoberta de petr\u00f3leo pela Petrobr\u00e1s na Bacia de Campos, na d\u00e9cada de 1970. Esse fato foi fundamental para todo o crescimento do munic\u00edpio que viu em seu aeroporto a principal base de apoio \u00e0 explora\u00e7\u00e3o de petr\u00f3leo nacional. Com a crescente demanda local, o Aeroporto de Maca\u00e9, fundado em dezembro de 1981, passou a ser administrado pela Infraero em janeiro de 1982, quando foram constru\u00eddos um p\u00e1tio de aeronaves e um terminal de passageiros.<\/p>\n\n\n\n<p>A partir de 1983 a Petrobras instalou na cidade de Maca\u00e9 a sua base de apoio para as atividades offshore, nas plataformas mar\u00edtimas e o movimento no aeroporto teve um grande crescimento, chegando a dobrar o n\u00famero de passageiros. Desde ent\u00e3o, todo o hist\u00f3rico de desenvolvimento do Aeroporto de Maca\u00e9 est\u00e1 intimamente ligado \u00e0 Bacia de Campos.\u202f<\/p>\n\n\n\n<p>O aeroporto \u00e9 o mais pr\u00f3ximo da Bacia de Campos e tem suas atividades ligadas principalmente ao apoio \u00e0 explora\u00e7\u00e3o de petr\u00f3leo nacional. Com sua localiza\u00e7\u00e3o privilegiada recebe diariamente helic\u00f3pteros\u202fvindos de plataformas localizadas ao longo de toda bacia.<\/p>\n\n\n\n<p><strong>SERVI\u00c7O:&nbsp;<\/strong><\/p>\n\n\n\n<p><strong>INAUGURA\u00c7\u00c3O DO AEROPORTO DE MACA\u00c9<\/strong><\/p>\n\n\n\n<p><strong>Data:<\/strong>&nbsp;ter\u00e7a-feira, 12\/03<\/p>\n\n\n\n<p><strong>Hor\u00e1rio:<\/strong>&nbsp;9h&nbsp;<\/p>\n\n\n\n<p><strong>Local:<\/strong>&nbsp;Aeroporto de Maca\u00e9, Estrada Hildebrando Alves Barbosa, s\/n.<\/p>\n\n\n\n<p>Fonte: Assessoria de Imprensa <br>Foto: Cr\u00e9dito Divulga\u00e7\u00e3o Infraero<br><br><\/p>\n","protected":false},"excerpt":{"rendered":"<p>Capacidade ser\u00e1 ampliada para 2,1 milh\u00f5es de passageiros por ano A Infraero inaugura amanh\u00e3 (12\/3) o novo terminal de passageiros<\/p>\n","protected":false},"author":7,"featured_media":12061,"comment_status":"open","ping_status":"open","sticky":false,"template":"","format":"standard","meta":{"footnotes":""},"categories":[177],"tags":[1542,288],"class_list":["post-12060","post","type-post","status-publish","format-standard","has-post-thumbnail","hentry","category-materias","tag-aeroporto","tag-macae"],"_links":{"self":[{"href":"https:\/\/www.azullimao.com.br\/portal\/wp-json\/wp\/v2\/posts\/12060","targetHints":{"allow":["GET"]}}],"collection":[{"href":"https:\/\/www.azullimao.com.br\/portal\/wp-json\/wp\/v2\/posts"}],"about":[{"href":"https:\/\/www.azullimao.com.br\/portal\/wp-json\/wp\/v2\/types\/post"}],"author":[{"embeddable":true,"href":"https:\/\/www.azullimao.com.br\/portal\/wp-json\/wp\/v2\/users\/7"}],"replies":[{"embeddable":true,"href":"https:\/\/www.azullimao.com.br\/portal\/wp-json\/wp\/v2\/comments?post=12060"}],"version-history":[{"count":2,"href":"https:\/\/www.azullimao.com.br\/portal\/wp-json\/wp\/v2\/posts\/12060\/revisions"}],"predecessor-version":[{"id":12065,"href":"https:\/\/www.azullimao.com.br\/portal\/wp-json\/wp\/v2\/posts\/12060\/revisions\/12065"}],"wp:featuredmedia":[{"embeddable":true,"href":"https:\/\/www.azullimao.com.br\/portal\/wp-json\/wp\/v2\/media\/12061"}],"wp:attachment":[{"href":"https:\/\/www.azullimao.com.br\/portal\/wp-json\/wp\/v2\/media?parent=12060"}],"wp:term":[{"taxonomy":"category","embeddable":true,"href":"https:\/\/www.azullimao.com.br\/portal\/wp-json\/wp\/v2\/categories?post=12060"},{"taxonomy":"post_tag","embeddable":true,"href":"https:\/\/www.azullimao.com.br\/portal\/wp-json\/wp\/v2\/tags?post=12060"}],"curies":[{"name":"wp","href":"https:\/\/api.w.org\/{rel}","templated":true}]}}