{"id":11581,"date":"2019-02-28T13:50:47","date_gmt":"2019-02-28T16:50:47","guid":{"rendered":"http:\/\/www.azullimao.com.br\/portal\/?p=11581"},"modified":"2019-02-28T13:50:59","modified_gmt":"2019-02-28T16:50:59","slug":"inscricoes-para-o-programa-startup-macae-sao-prorrogadas","status":"publish","type":"post","link":"https:\/\/www.azullimao.com.br\/portal\/materias\/inscricoes-para-o-programa-startup-macae-sao-prorrogadas\/","title":{"rendered":"Inscri\u00e7\u00f5es para o Programa Startup Maca\u00e9 s\u00e3o prorrogadas"},"content":{"rendered":"\n<p>As inscri\u00e7\u00f5es para o Programa Startup Maca\u00e9 foram prorrogadas at\u00e9 o dia 24 de mar\u00e7o. O modelo de neg\u00f3cios, que \u00e9 o sonho de muita gente dentro e fora do pa\u00eds, ganhou destaque no governo municipal. A iniciativa tem como proposta a concess\u00e3o de bolsas em tr\u00eas tipos de modalidades: Desenvolvimento Tecnol\u00f3gico, Apoio Tecnol\u00f3gico e Inicia\u00e7\u00e3o Tecnol\u00f3gica. Os valores das bolsas variam de R$ 1 mil a R$ 5 mil e os interessados poder\u00e3o fazer o cadastro pelo portal da Prefeitura de Maca\u00e9:\u00a0<strong><a href=\"http:\/\/www.macae.rj.gov.br\/semed\/conteudo\/titulo\/startup-macae\" target=\"_blank\" rel=\"noreferrer noopener\" aria-label=\" (abre em uma nova aba)\">macae.rj.gov.br<\/a><\/strong>.<br><\/p>\n\n\n\n<p>As startups fazem parte de um novo modelo econ\u00f4mico, uma nova forma de pensar, s\u00e3o neg\u00f3cios com o olhar no futuro, que t\u00eam como um dos principais objetivos inovar.<br><br>O programa \u00e9 uma parceria da Prefeitura de Maca\u00e9 com o Centro de Refer\u00eancia em Inova\u00e7\u00e3o para Opera\u00e7\u00f5es Sustent\u00e1veis (CRIOS-UFRJ). O edital completo est\u00e1 dispon\u00edvel no site da prefeitura.<\/p>\n\n\n\n<p><a href=\"https:\/\/www.azullimao.com.br\/portal\/wp-admin\/post.php?post=11581&amp;action=edit\" target=\"_blank\" rel=\"noreferrer noopener\" aria-label=\"Fomte: Prefeitura de Maca\u00e9 (abre em uma nova aba)\">Fomte: Prefeitura de Maca\u00e9<\/a><br> Jornalista: Equipe Secom <br><\/p>\n","protected":false},"excerpt":{"rendered":"<p>As inscri\u00e7\u00f5es para o Programa Startup Maca\u00e9 foram prorrogadas at\u00e9 o dia 24 de mar\u00e7o. O modelo de neg\u00f3cios, que<\/p>\n","protected":false},"author":7,"featured_media":11582,"comment_status":"open","ping_status":"open","sticky":false,"template":"","format":"standard","meta":{"footnotes":""},"categories":[177],"tags":[],"class_list":["post-11581","post","type-post","status-publish","format-standard","has-post-thumbnail","hentry","category-materias"],"_links":{"self":[{"href":"https:\/\/www.azullimao.com.br\/portal\/wp-json\/wp\/v2\/posts\/11581","targetHints":{"allow":["GET"]}}],"collection":[{"href":"https:\/\/www.azullimao.com.br\/portal\/wp-json\/wp\/v2\/posts"}],"about":[{"href":"https:\/\/www.azullimao.com.br\/portal\/wp-json\/wp\/v2\/types\/post"}],"author":[{"embeddable":true,"href":"https:\/\/www.azullimao.com.br\/portal\/wp-json\/wp\/v2\/users\/7"}],"replies":[{"embeddable":true,"href":"https:\/\/www.azullimao.com.br\/portal\/wp-json\/wp\/v2\/comments?post=11581"}],"version-history":[{"count":2,"href":"https:\/\/www.azullimao.com.br\/portal\/wp-json\/wp\/v2\/posts\/11581\/revisions"}],"predecessor-version":[{"id":11584,"href":"https:\/\/www.azullimao.com.br\/portal\/wp-json\/wp\/v2\/posts\/11581\/revisions\/11584"}],"wp:featuredmedia":[{"embeddable":true,"href":"https:\/\/www.azullimao.com.br\/portal\/wp-json\/wp\/v2\/media\/11582"}],"wp:attachment":[{"href":"https:\/\/www.azullimao.com.br\/portal\/wp-json\/wp\/v2\/media?parent=11581"}],"wp:term":[{"taxonomy":"category","embeddable":true,"href":"https:\/\/www.azullimao.com.br\/portal\/wp-json\/wp\/v2\/categories?post=11581"},{"taxonomy":"post_tag","embeddable":true,"href":"https:\/\/www.azullimao.com.br\/portal\/wp-json\/wp\/v2\/tags?post=11581"}],"curies":[{"name":"wp","href":"https:\/\/api.w.org\/{rel}","templated":true}]}}