{"id":11481,"date":"2019-02-25T20:54:26","date_gmt":"2019-02-25T23:54:26","guid":{"rendered":"http:\/\/www.azullimao.com.br\/portal\/?p=11481"},"modified":"2019-02-25T20:55:20","modified_gmt":"2019-02-25T23:55:20","slug":"semana-comeca-com-143-vagas-de-emprego","status":"publish","type":"post","link":"https:\/\/www.azullimao.com.br\/portal\/noticias-e-empregos\/semana-comeca-com-143-vagas-de-emprego\/","title":{"rendered":"Semana come\u00e7a com 143 vagas de emprego"},"content":{"rendered":"\n<p>Projetistas de tubula\u00e7\u00e3o, de instrumenta\u00e7\u00e3o e de edifica\u00e7\u00f5es est\u00e3o entre as 143 vagas de emprego abertas em empresas parceiras da Secretaria de Desenvolvimento Econ\u00f4mico, Trabalho e Renda nesta \u00faltima semana do m\u00eas. H\u00e1 oportunidades tamb\u00e9m para quatro tipos de analista: cont\u00e1bil, de departamento pessoal, de recursos humanos e fiscal tribut\u00e1rio.&nbsp;<br><\/p>\n\n\n\n<p>Para verificar as vagas de emprego, o trabalhador deve entrar no portal da Prefeitura de Maca\u00e9, clicar em\u00a0<strong><a rel=\"noreferrer noopener\" aria-label=\" (abre em uma nova aba)\" href=\"http:\/\/www.macae.rj.gov.br\/TRABALHOERENDA\/conteudo\/titulo\/ao-trabalhador\" target=\"_blank\">&#8220;Empregos&#8221;<\/a><\/strong>, no lado esquerdo da p\u00e1gina e em &#8220;Consultar vagas de emprego&#8221;. Tamb\u00e9m na aba de &#8220;Empregos&#8221;, o profissional pode se inscrever, passando a fazer parte do banco de dados da secretaria. Empres\u00e1rios podem cadastrar quais qualifica\u00e7\u00f5es de funcion\u00e1rios precisam. A partir destes dois tipos de dados, a secretaria cruza as informa\u00e7\u00f5es.<br><br>Al\u00e9m disso, o interessado pode ir direto \u00e0 secretaria, na Rodovia Amaral Peixoto, s\/n, em frente ao Est\u00e1dio Cl\u00e1udio Moacyr, na Barra, de segunda a sexta-feira, das 8h \u00e0s 17h. A Secretaria de Desenvolvimento Econ\u00f4mico, Trabalho e Renda emite ainda carteiras de identidade e de trabalho. Para este servi\u00e7o, \u00e9 preciso agendamento pelo 0800.021.1138. Em seguida, o candidato deve comparecer \u00e0 secretaria. A documenta\u00e7\u00e3o necess\u00e1ria para cada servi\u00e7o est\u00e1 no site. Em caso de d\u00favida, o interessado pode ligar para 2763-6344.<br><br>Confira\u00a0<strong><a href=\"http:\/\/sistemas.macae.rj.gov.br:84\/catalogo\/semtre\/index\/mural\" target=\"_blank\" rel=\"noreferrer noopener\" aria-label=\" (abre em uma nova aba)\">aqui<\/a><\/strong>\u00a0a listagem completa das vagas.<\/p>\n\n\n\n<p>Fonte: Prefeitura de Maca\u00e9<br>Jornalista: Equipe Secom<br><br><\/p>\n","protected":false},"excerpt":{"rendered":"<p>Projetistas de tubula\u00e7\u00e3o, de instrumenta\u00e7\u00e3o e de edifica\u00e7\u00f5es est\u00e3o entre as 143 vagas de emprego abertas em empresas parceiras da<\/p>\n","protected":false},"author":7,"featured_media":10057,"comment_status":"open","ping_status":"open","sticky":false,"template":"","format":"standard","meta":{"footnotes":""},"categories":[810],"tags":[288,331],"class_list":["post-11481","post","type-post","status-publish","format-standard","has-post-thumbnail","hentry","category-noticias-e-empregos","tag-macae","tag-vagas-de-emprego"],"_links":{"self":[{"href":"https:\/\/www.azullimao.com.br\/portal\/wp-json\/wp\/v2\/posts\/11481","targetHints":{"allow":["GET"]}}],"collection":[{"href":"https:\/\/www.azullimao.com.br\/portal\/wp-json\/wp\/v2\/posts"}],"about":[{"href":"https:\/\/www.azullimao.com.br\/portal\/wp-json\/wp\/v2\/types\/post"}],"author":[{"embeddable":true,"href":"https:\/\/www.azullimao.com.br\/portal\/wp-json\/wp\/v2\/users\/7"}],"replies":[{"embeddable":true,"href":"https:\/\/www.azullimao.com.br\/portal\/wp-json\/wp\/v2\/comments?post=11481"}],"version-history":[{"count":2,"href":"https:\/\/www.azullimao.com.br\/portal\/wp-json\/wp\/v2\/posts\/11481\/revisions"}],"predecessor-version":[{"id":11483,"href":"https:\/\/www.azullimao.com.br\/portal\/wp-json\/wp\/v2\/posts\/11481\/revisions\/11483"}],"wp:featuredmedia":[{"embeddable":true,"href":"https:\/\/www.azullimao.com.br\/portal\/wp-json\/wp\/v2\/media\/10057"}],"wp:attachment":[{"href":"https:\/\/www.azullimao.com.br\/portal\/wp-json\/wp\/v2\/media?parent=11481"}],"wp:term":[{"taxonomy":"category","embeddable":true,"href":"https:\/\/www.azullimao.com.br\/portal\/wp-json\/wp\/v2\/categories?post=11481"},{"taxonomy":"post_tag","embeddable":true,"href":"https:\/\/www.azullimao.com.br\/portal\/wp-json\/wp\/v2\/tags?post=11481"}],"curies":[{"name":"wp","href":"https:\/\/api.w.org\/{rel}","templated":true}]}}