{"id":10528,"date":"2019-02-14T18:32:44","date_gmt":"2019-02-14T20:32:44","guid":{"rendered":"http:\/\/www.azullimao.com.br\/portal\/?p=10528"},"modified":"2019-02-15T06:53:11","modified_gmt":"2019-02-15T08:53:11","slug":"inscricoes-nos-cursos-de-teatro-abrem-a-zero-hora-desta-sexta","status":"publish","type":"post","link":"https:\/\/www.azullimao.com.br\/portal\/materias\/inscricoes-nos-cursos-de-teatro-abrem-a-zero-hora-desta-sexta\/","title":{"rendered":"Inscri\u00e7\u00f5es nos cursos de teatro abrem \u00e0 zero hora desta sexta"},"content":{"rendered":"\n<p>A Escola Municipal de Artes Maria Jos\u00e9 Guedes (Emart) inicia, a partir da zero hora desta sexta-feira (15),\u00a0<strong><a rel=\"noreferrer noopener\" aria-label=\" (abre em uma nova aba)\" href=\"http:\/\/sistemas.macae.rj.gov.br:84\/livreteatro2019\/\" target=\"_blank\">as inscri\u00e7\u00f5es para os cursos livres de teatro infantil, adolescente e adulto<\/a><\/strong>. O cadastro \u00e9 on line, pelo portal da\u00a0<strong><a href=\"http:\/\/www.macae.rj.gov.br\/cultura\/conteudo\/titulo\/escola-municipal-de-artes-maria-jose-guedes-emart\">Prefeitu<\/a><a href=\"http:\/\/www.macae.rj.gov.br\/cultura\/conteudo\/titulo\/escola-municipal-de-artes-maria-jose-guedes-emart\" target=\"_blank\" rel=\"noreferrer noopener\" aria-label=\"r (abre em uma nova aba)\">r<\/a><a href=\"http:\/\/www.macae.rj.gov.br\/cultura\/conteudo\/titulo\/escola-municipal-de-artes-maria-jose-guedes-emart\">a de Maca\u00e9<\/a><\/strong>, onde tamb\u00e9m\u00a0<strong><a rel=\"noreferrer noopener\" aria-label=\" (abre em uma nova aba)\" href=\"http:\/\/www.macae.rj.gov.br\/midia\/conteudo\/arquivos\/1549977327.pdf\" target=\"_blank\">o edital<\/a><\/strong>\u00a0est\u00e1 dispon\u00edvel. Os cursos livres n\u00e3o preveem prova de sele\u00e7\u00e3o e o preenchimento das vagas em cada turma, ser\u00e1 conforme a ordem de inscri\u00e7\u00e3o. O prazo \u00e9 at\u00e9 dia 18 de fevereiro e o in\u00edcio das aulas est\u00e1 previsto para o dia 25 de fevereiro.<\/p>\n\n\n\n<p>A dura\u00e7\u00e3o do curso \u00e9 de um ano, com duas horas de aula por semana. Ao todo est\u00e3o sendo oferecidas 139 vagas, sendo 57 para o p\u00fablico infantil, 47 para adolescentes e 35 para os adultos. As inscri\u00e7\u00f5es est\u00e3o dividas, al\u00e9m da faixa et\u00e1ria, por dias e hor\u00e1rios, cuja escolha \u00e9 feita pelo pr\u00f3prio candidato.<br><br><strong>As oportunidades est\u00e3o divididas conforme a grade:<br><br>Infantil:\u00a0<\/strong><br><br>14 vagas (10 a 12 anos) &#8211; segunda-feira, turno da manh\u00e3;<br><br>11 vagas (10 a 12 anos) &#8211; segunda-feira, no turno da tarde;<br><br>16 vagas (10 a 12 anos) &#8211; ter\u00e7a-feira, turno da manh\u00e3;<br><br>17 vagas (10 a 12 anos) &#8211; ter\u00e7a-feira, turno da tarde;<br><br>15 vagas (7 a 9 anos) &#8211; quinta-feira, turno da manh\u00e3.<br><br><strong>Adolescente<\/strong>:<br><br>22 vagas (13 a 17 anos) &#8211; quarta-feira, turno da manh\u00e3;<br><br>25 vagas (13 a 17 anos) &#8211; ter\u00e7a-feira, turno da tarde.<br><br><strong>Adulto (a partir de 18 anos):<br><br><\/strong>25 vagas &#8211; quarta-feira, turno da tarde;<br><br>15 vagas &#8211; segunda-feira, turno da noite.<br><br><strong>Matr\u00edcula \u2013\u00a0<\/strong>A matr\u00edcula nos cursos livres de teatro est\u00e1 programada para o per\u00edodo de 21 a 22 de fevereiro, das 9h \u00e0s 20h, na secretaria da escola. A documenta\u00e7\u00e3o obrigat\u00f3ria no ato da matr\u00edcula s\u00e3o duas fotos 3 x 4, e c\u00f3pias da identidade, CPF e comprovante de resid\u00eancia. Os alunos menores de idade devem estar acompanhados por um respons\u00e1vel legal, que dever\u00e1 preencher e assinar o termo de responsabilidade.<br><br>A Escola Municipal de Artes fica localizada no terceiro andar do Centro Maca\u00e9 de Cultura, \u00e0 Avenida Rui Barbosa, 780, Centro.<br><br><a href=\"http:\/\/www.macae.rj.gov.br\/noticias\/leitura\/noticia\/inscricoes-nos-cursos-de-teatro-abrem-a-zero-hora-desta-sexta\" target=\"_blank\" rel=\"noreferrer noopener\" aria-label=\"Fonte: Prefeitura de Maca\u00e9 (abre em uma nova aba)\">Fonte: Prefeitura de Maca\u00e9<\/a><br>Jornalista: Marilene Carvalho<br><strong>Foto:<\/strong>\u00a0Lu\u00eds Gustavo Malheiros &#8211; Arquivo Secom <br><\/p>\n\n\n\n<p><br><\/p>\n","protected":false},"excerpt":{"rendered":"<p>A Escola Municipal de Artes Maria Jos\u00e9 Guedes (Emart) inicia, a partir da zero hora desta sexta-feira (15),\u00a0as inscri\u00e7\u00f5es para<\/p>\n","protected":false},"author":7,"featured_media":10529,"comment_status":"open","ping_status":"open","sticky":false,"template":"","format":"standard","meta":{"footnotes":""},"categories":[177],"tags":[288,1915,1914],"class_list":["post-10528","post","type-post","status-publish","format-standard","has-post-thumbnail","hentry","category-materias","tag-macae","tag-municipal","tag-teatro"],"_links":{"self":[{"href":"https:\/\/www.azullimao.com.br\/portal\/wp-json\/wp\/v2\/posts\/10528","targetHints":{"allow":["GET"]}}],"collection":[{"href":"https:\/\/www.azullimao.com.br\/portal\/wp-json\/wp\/v2\/posts"}],"about":[{"href":"https:\/\/www.azullimao.com.br\/portal\/wp-json\/wp\/v2\/types\/post"}],"author":[{"embeddable":true,"href":"https:\/\/www.azullimao.com.br\/portal\/wp-json\/wp\/v2\/users\/7"}],"replies":[{"embeddable":true,"href":"https:\/\/www.azullimao.com.br\/portal\/wp-json\/wp\/v2\/comments?post=10528"}],"version-history":[{"count":1,"href":"https:\/\/www.azullimao.com.br\/portal\/wp-json\/wp\/v2\/posts\/10528\/revisions"}],"predecessor-version":[{"id":10530,"href":"https:\/\/www.azullimao.com.br\/portal\/wp-json\/wp\/v2\/posts\/10528\/revisions\/10530"}],"wp:featuredmedia":[{"embeddable":true,"href":"https:\/\/www.azullimao.com.br\/portal\/wp-json\/wp\/v2\/media\/10529"}],"wp:attachment":[{"href":"https:\/\/www.azullimao.com.br\/portal\/wp-json\/wp\/v2\/media?parent=10528"}],"wp:term":[{"taxonomy":"category","embeddable":true,"href":"https:\/\/www.azullimao.com.br\/portal\/wp-json\/wp\/v2\/categories?post=10528"},{"taxonomy":"post_tag","embeddable":true,"href":"https:\/\/www.azullimao.com.br\/portal\/wp-json\/wp\/v2\/tags?post=10528"}],"curies":[{"name":"wp","href":"https:\/\/api.w.org\/{rel}","templated":true}]}}