{"id":10518,"date":"2019-02-14T08:00:28","date_gmt":"2019-02-14T10:00:28","guid":{"rendered":"http:\/\/www.azullimao.com.br\/portal\/?p=10518"},"modified":"2019-02-14T08:00:28","modified_gmt":"2019-02-14T10:00:28","slug":"carnaval-2019-blocos-de-rua-animam-folia-em-macae","status":"publish","type":"post","link":"https:\/\/www.azullimao.com.br\/portal\/materias\/carnaval-2019-blocos-de-rua-animam-folia-em-macae\/","title":{"rendered":"Carnaval 2019: blocos de rua animam folia em Maca\u00e9"},"content":{"rendered":"<p>Com programa\u00e7\u00e3o confirmada, o desfile de blocos de rua e concurso de boi pintadinho v\u00e3o sacudir a folia em Maca\u00e9. A festa, realizada pela iniciativa privada, tem apoio log\u00edstico e institucional da prefeitura. E, para acertar os \u00faltimos detalhes do Carnaval 2019, representantes do poder p\u00fablico e dos blocos estiveram reunidos nesta segunda-feira (11), na sede da Secretaria de Cultura. O objetivo foi alinhar quest\u00f5es sobre seguran\u00e7a e tr\u00e2nsito.<\/p>\n<p>Os blocos ir\u00e3o se concentrar nas orlas das praias dos Cavaleiros, Pecado, Imbetiba, al\u00e9m do Centro. J\u00e1 o concurso de Boi Pintadinho acontecer\u00e1 em 11 localidades da cidade. Para n\u00e3o perder nada, vale ficar atento a programa\u00e7\u00e3o, com acesso liberado ao p\u00fablico, que j\u00e1 come\u00e7a no dia 23 de fevereiro. A anima\u00e7\u00e3o ser\u00e1 com o bloco Baixo Pecado, das 15h \u00e0s 22h. A folia continuar\u00e1 no dia 24, mesmo hor\u00e1rio.<\/p>\n<p>Na sexta-feira de Carnaval (1\u00ba de mar\u00e7o), o agito ficar\u00e1 por conta da banda Mirafolia, das 18h \u00e0s 23h, na pra\u00e7a do bairro Mirante da Lagoa. Os confetes e as serpentinas continuar\u00e3o no s\u00e1bado (2), com o bloco do Pecado, na orla da praia do Pecado (ao lado do Hotel Blue Tree), das 16h \u00e0s 23h. Em seguida, \u00e0s 18h, a banda Mirafolia estar\u00e1 no Mirante da Lagoa at\u00e9 as 23h. Na mesma data, o bloco B\u00b4Bons estar\u00e1 animando as ruas do bairro Cajueiros, das 19h30 \u00e0s 23h.<\/p>\n<p>E ter\u00e1 mais anima\u00e7\u00e3o no domingo (3), a partir das 14h, com o bloco Chaplin\u00b4s, que ter\u00e1 concentra\u00e7\u00e3o na Rua Silva Jardim, Centro. A sa\u00edda ser\u00e1 \u00e0s 18h, em dire\u00e7\u00e3o \u00e0 orla de Imbetiba, onde a festa permanecer\u00e1 at\u00e9 as 23h. O p\u00fablico infantil contar\u00e1 com o bloco dos Pentelhinhos, na orla de Imbetiba, das 14h \u00e0s 18h. A banda Mirafolia continuar\u00e1 com o agito, na pra\u00e7a do Mirante da Lagoa, das 18h \u00e0s 23h.<\/p>\n<p>Na segunda-feira (4), a festa come\u00e7ar\u00e1 \u00e0s 14h, com o bloco Galo da Meia-Noite. A concentra\u00e7\u00e3o ser\u00e1 na Rua J\u00falio Oliver, em frente \u00e0 Rinha das Artes. A sa\u00edda est\u00e1 marcada para 18h em dire\u00e7\u00e3o \u00e0 orla de Imbetiba. O Carnaval na pra\u00e7a do bairro Mirante da Lagoa ser\u00e1 encerrado nesta data, com a banda Mirafolia, das 18h \u00e0s 23h.<\/p>\n<p>A ter\u00e7a-feira (5) de Carnaval ter\u00e1 o animado bloco Boi Capeta, a partir das 14h, com concentra\u00e7\u00e3o na Rua Euz\u00e9bio de Queiroz, Centro. A sa\u00edda ser\u00e1 \u00e0s 18h para orla de Imbetiba. O \u00faltimo dia de folia tamb\u00e9m contar\u00e1 com apresenta\u00e7\u00e3o do bloco B\u00b4Bons, das 19h30 \u00e0s 23h, na Avenida Atl\u00e2ntica.<\/p>\n<p>A programa\u00e7\u00e3o contar\u00e1, tamb\u00e9m, com o bloco do Ben\u00ea, que ir\u00e1 se apresentar nos Cavaleiros, das 17h \u00e0s 23h. A data ainda est\u00e1 sendo definida pela organiza\u00e7\u00e3o do bloco.<\/p>\n<p>Foram convidados para reuni\u00e3o representantes dos blocos e bois pintadinhos que abriram processo de autoriza\u00e7\u00e3o na administra\u00e7\u00e3o municipal. A Prefeitura de Maca\u00e9 apoia os eventos com a\u00e7\u00f5es das secretarias de Cultura, Fazenda (Posturas), Ordem P\u00fablica, Mobilidade Urbana, Desenvolvimento Econ\u00f4mico, Trabalho e Renda (Adjunta de Turismo) e Comunica\u00e7\u00e3o.<\/p>\n<p><strong>Concurso Boi Pintadinho<\/p>\n<p><\/strong>O tradicional Concurso do Boi Pintadinho tamb\u00e9m faz parte da programa\u00e7\u00e3o do Carnaval Maca\u00e9 2019. A festa, da iniciativa privada, come\u00e7ar\u00e1 \u00e0s 22h e termina \u00e0s 2h conforme cronograma abaixo:<\/p>\n<p>13\/02 &#8211; Quadra da Barra;<\/p>\n<p>14\/02 &#8211; Morro de Santana;<\/p>\n<p>15\/02 &#8211; Alzir\u00e3o Aroeira;<\/p>\n<p>16\/02 &#8211; Pra\u00e7a do Botafogo;<\/p>\n<p>17\/02 &#8211; Rua da Buraca;<\/p>\n<p>20\/02 &#8211; Morro de S\u00e3o Jorge;<\/p>\n<p>21\/02 &#8211; Sem Terra Novo Botafogo;<\/p>\n<p>22\/02 &#8211; Rua Cazuarinas Aroeira;<\/p>\n<p>23\/02 &#8211; Campo das Malvinas;<\/p>\n<p>24\/02 &#8211; Bairro Fronteira;<\/p>\n<p>05\/03 &#8211; Bairro Virgem Santa.<\/p>\n<p><a href=\"http:\/\/www.macae.rj.gov.br\/noticias\/leitura\/noticia\/carnaval-2019-blocos-de-rua-animam-folia-em-macae\" target=\"_blank\" rel=\"noopener\">Fonte: Prefeitura de Maca\u00e9<\/a><br \/>\nJornalista: Tatiana Gam<br \/>\nFoto: Renato Martins (Azul Lim\u00e3o)<\/p>\n","protected":false},"excerpt":{"rendered":"<p>Com programa\u00e7\u00e3o confirmada, o desfile de blocos de rua e concurso de boi pintadinho v\u00e3o sacudir a folia em Maca\u00e9.<\/p>\n","protected":false},"author":7,"featured_media":10519,"comment_status":"open","ping_status":"open","sticky":false,"template":"","format":"standard","meta":{"footnotes":""},"categories":[177],"tags":[],"class_list":["post-10518","post","type-post","status-publish","format-standard","has-post-thumbnail","hentry","category-materias"],"_links":{"self":[{"href":"https:\/\/www.azullimao.com.br\/portal\/wp-json\/wp\/v2\/posts\/10518","targetHints":{"allow":["GET"]}}],"collection":[{"href":"https:\/\/www.azullimao.com.br\/portal\/wp-json\/wp\/v2\/posts"}],"about":[{"href":"https:\/\/www.azullimao.com.br\/portal\/wp-json\/wp\/v2\/types\/post"}],"author":[{"embeddable":true,"href":"https:\/\/www.azullimao.com.br\/portal\/wp-json\/wp\/v2\/users\/7"}],"replies":[{"embeddable":true,"href":"https:\/\/www.azullimao.com.br\/portal\/wp-json\/wp\/v2\/comments?post=10518"}],"version-history":[{"count":1,"href":"https:\/\/www.azullimao.com.br\/portal\/wp-json\/wp\/v2\/posts\/10518\/revisions"}],"predecessor-version":[{"id":10520,"href":"https:\/\/www.azullimao.com.br\/portal\/wp-json\/wp\/v2\/posts\/10518\/revisions\/10520"}],"wp:featuredmedia":[{"embeddable":true,"href":"https:\/\/www.azullimao.com.br\/portal\/wp-json\/wp\/v2\/media\/10519"}],"wp:attachment":[{"href":"https:\/\/www.azullimao.com.br\/portal\/wp-json\/wp\/v2\/media?parent=10518"}],"wp:term":[{"taxonomy":"category","embeddable":true,"href":"https:\/\/www.azullimao.com.br\/portal\/wp-json\/wp\/v2\/categories?post=10518"},{"taxonomy":"post_tag","embeddable":true,"href":"https:\/\/www.azullimao.com.br\/portal\/wp-json\/wp\/v2\/tags?post=10518"}],"curies":[{"name":"wp","href":"https:\/\/api.w.org\/{rel}","templated":true}]}}