{"id":10504,"date":"2019-02-06T15:22:08","date_gmt":"2019-02-06T17:22:08","guid":{"rendered":"http:\/\/www.azullimao.com.br\/portal\/?p=10504"},"modified":"2019-02-06T15:22:08","modified_gmt":"2019-02-06T17:22:08","slug":"aula-inaugural-de-tiro-com-arco-acontece-no-moacyrzao","status":"publish","type":"post","link":"https:\/\/www.azullimao.com.br\/portal\/materias\/aula-inaugural-de-tiro-com-arco-acontece-no-moacyrzao\/","title":{"rendered":"Aula inaugural de tiro com arco acontece no Moacyrz\u00e3o"},"content":{"rendered":"<p>A aula inaugural de tiro com arco aconteceu na manh\u00e3 desta quarta-feira (6), no Est\u00e1dio Cl\u00e1udio Moacyr (Moacyrz\u00e3o). Quem tiver interesse em praticar o esporte, pode fazer a inscri\u00e7\u00e3o no pr\u00f3prio local. A modalidade esportiva \u00e9 direcionada a crian\u00e7as a partir de 12 anos e as aulas, gratuitas, s\u00e3o realizadas todas segundas e quartas-feiras de 10h15 \u00e0s 12h. Est\u00e3o dispon\u00edveis apenas 10 vagas.<\/p>\n<p>De acordo com a secret\u00e1ria de Esportes, Andreia Freitas, foi firmada parceria com a Associa\u00e7\u00e3o Fam\u00edlia Figueiredo de Arqueiros, para que as aulas pudessem acontecer no est\u00e1dio.<\/p>\n<p>&#8220;A nossa inten\u00e7\u00e3o \u00e9 divulgar o esporte em todas as escolas do munic\u00edpio e, quem sabe, termos futuramente representantes do munic\u00edpio que possam estar competindo&#8221;, disse.<\/p>\n<p>As aulas s\u00e3o ministradas pelos atletas e instrutores Marcos Wolf e Andr\u00e9 Figueiredo. Eles explicam que as primeiras aulas s\u00e3o de movimentos b\u00e1sicos e regras do esporte.<\/p>\n<p>&#8220;Quem pratica o esporte adquire disciplina e postura ao longo do tempo, al\u00e9m de aumentar o n\u00edvel de concentra\u00e7\u00e3o&#8221;, explicou Marcos Wolf.<\/p>\n<p>O instrutor e atleta Andr\u00e9 Figueiredo lembra que os arcos s\u00e3o da Confedera\u00e7\u00e3o Brasileira de Tiro em Arco (CBTarco) e Federa\u00e7\u00e3o de Tiro em Arco do Rio de Janeiro (Fetarco-RJ).<\/p>\n<p>&#8220;O material que usamos \u00e9 emprestado para a nossa associa\u00e7\u00e3o, pois somos uma institui\u00e7\u00e3o sem fins lucrativos. A nossa expectativa com essa parceria \u00e9 muito boa e temos a inten\u00e7\u00e3o de divulgar o esporte em toda a regi\u00e3o Norte Fluminense. O objetivo \u00e9 aumentar os integrantes da nossa equipe que participam de competi\u00e7\u00f5es&#8221;, informou.<\/p>\n<p><strong>Esporte ajuda na concentra\u00e7\u00e3o<\/p>\n<p><\/strong>O estudante do Ensino M\u00e9dio de 17 anos, Johan Rangel, explica que teve interesse em praticar o esporte quando viu uma competi\u00e7\u00e3o pela televis\u00e3o.<\/p>\n<p>&#8220;Fiquei bastante interessado e procurei o Polo da Fronteira, onde j\u00e1 acontecem as aulas. Estou praticando h\u00e1 um ano e percebi que a minha concentra\u00e7\u00e3o ficou melhor e estou tendo um melhor desempenho na escola, al\u00e9m de ter mais disciplina e seguir regras&#8221;, disse.<\/p>\n<p>A estudante do Ensino M\u00e9dio Lucilyne Nascimento, de 17 anos, disse que conheceu o esporte por meio do amigo Marcos Wolf. &#8220;Assisti uma aula e gostei. Pratico a modalidade desde julho do ano passado e tem me ajudado na concentra\u00e7\u00e3o. Estou muito contente com cada conquista&#8221;, afirmou.<\/p>\n<p>As inscri\u00e7\u00f5es podem ser realizadas no Moacyrz\u00e3o, na Rodovia Amaral Peixoto, s\/n\u00ba, Barra de Maca\u00e9. Atendimento das 8h \u00e0s 17h. Mais informa\u00e7\u00f5es pelo telefone 2770-6770.<\/p>\n<p><a href=\"http:\/\/www.macae.rj.gov.br\/noticias\/leitura\/noticia\/aula-inaugural-de-tiro-com-arco-acontece-no-moacyrzao\" target=\"_blank\" rel=\"noopener\">Fonte: Prefeitura de Maca\u00e9<\/a><br \/>\nJornalista: Liliane Barboza<br \/>\n<b>Foto:<\/b>\u00a0Rui Porto Filho<\/p>\n","protected":false},"excerpt":{"rendered":"<p>A aula inaugural de tiro com arco aconteceu na manh\u00e3 desta quarta-feira (6), no Est\u00e1dio Cl\u00e1udio Moacyr (Moacyrz\u00e3o). Quem tiver<\/p>\n","protected":false},"author":7,"featured_media":10505,"comment_status":"open","ping_status":"open","sticky":false,"template":"","format":"standard","meta":{"footnotes":""},"categories":[177],"tags":[288],"class_list":["post-10504","post","type-post","status-publish","format-standard","has-post-thumbnail","hentry","category-materias","tag-macae"],"_links":{"self":[{"href":"https:\/\/www.azullimao.com.br\/portal\/wp-json\/wp\/v2\/posts\/10504","targetHints":{"allow":["GET"]}}],"collection":[{"href":"https:\/\/www.azullimao.com.br\/portal\/wp-json\/wp\/v2\/posts"}],"about":[{"href":"https:\/\/www.azullimao.com.br\/portal\/wp-json\/wp\/v2\/types\/post"}],"author":[{"embeddable":true,"href":"https:\/\/www.azullimao.com.br\/portal\/wp-json\/wp\/v2\/users\/7"}],"replies":[{"embeddable":true,"href":"https:\/\/www.azullimao.com.br\/portal\/wp-json\/wp\/v2\/comments?post=10504"}],"version-history":[{"count":1,"href":"https:\/\/www.azullimao.com.br\/portal\/wp-json\/wp\/v2\/posts\/10504\/revisions"}],"predecessor-version":[{"id":10506,"href":"https:\/\/www.azullimao.com.br\/portal\/wp-json\/wp\/v2\/posts\/10504\/revisions\/10506"}],"wp:featuredmedia":[{"embeddable":true,"href":"https:\/\/www.azullimao.com.br\/portal\/wp-json\/wp\/v2\/media\/10505"}],"wp:attachment":[{"href":"https:\/\/www.azullimao.com.br\/portal\/wp-json\/wp\/v2\/media?parent=10504"}],"wp:term":[{"taxonomy":"category","embeddable":true,"href":"https:\/\/www.azullimao.com.br\/portal\/wp-json\/wp\/v2\/categories?post=10504"},{"taxonomy":"post_tag","embeddable":true,"href":"https:\/\/www.azullimao.com.br\/portal\/wp-json\/wp\/v2\/tags?post=10504"}],"curies":[{"name":"wp","href":"https:\/\/api.w.org\/{rel}","templated":true}]}}