{"id":10492,"date":"2019-02-05T10:20:09","date_gmt":"2019-02-05T12:20:09","guid":{"rendered":"http:\/\/www.azullimao.com.br\/portal\/?p=10492"},"modified":"2019-02-05T10:20:09","modified_gmt":"2019-02-05T12:20:09","slug":"startup-macae-inicia-inscricoes","status":"publish","type":"post","link":"https:\/\/www.azullimao.com.br\/portal\/materias\/startup-macae-inicia-inscricoes\/","title":{"rendered":"Startup Maca\u00e9 inicia inscri\u00e7\u00f5es"},"content":{"rendered":"<p>As inscri\u00e7\u00f5es para o Programa Startup Maca\u00e9 come\u00e7aram nesta segunda-feira (4). O modelo de neg\u00f3cios, que \u00e9 o sonho de muita gente dentro e fora do pa\u00eds, ganhou destaque no governo municipal. A iniciativa tem como proposta a concess\u00e3o de bolsas em tr\u00eas tipos de modalidades:\u00a0<strong><a href=\"https:\/\/docs.google.com\/forms\/d\/e\/1FAIpQLSc2KTQCIxPTFUSFFE3s80cfgDkiloplS6k6qNrJyvoMIdmzjw\/viewform\">Desenvolvimento Tecnol\u00f3gico<\/a><\/strong>,\u00a0<strong><a href=\"https:\/\/docs.google.com\/forms\/d\/e\/1FAIpQLSdSbuiRqdGsaTamwtLHRYPE758qhKTcFN5PjJf7xPrW4IhV6g\/viewform\" target=\"_blank\" rel=\"noopener\">Apoio Tecnol\u00f3gico<\/a><\/strong>\u00a0e\u00a0<strong><a href=\"https:\/\/docs.google.com\/forms\/d\/e\/1FAIpQLSeEGYziDGrYkH6BWpEEeazw7k9bV2ie03A9OeDIPOsuXrQ3dw\/viewform\" target=\"_blank\" rel=\"noopener\">Inicia\u00e7\u00e3o Tecnol\u00f3gica<\/a><\/strong>. Os valores variam de R$ 5 mil a R$ 1 mil. Os interessados t\u00eam at\u00e9 o dia 1\u00ba de mar\u00e7o para fazer o cadastro pelo\u00a0<strong><a href=\"http:\/\/www.macae.rj.gov.br\/sedec\/conteudo\/titulo\/startup-macae\" target=\"_blank\" rel=\"noopener\">portal da Prefeitura de Maca\u00e9<\/a><\/strong>.<\/p>\n<p>As startups fazem parte de um novo modelo econ\u00f4mico, uma nova forma de pensar, s\u00e3o neg\u00f3cios com o olhar no futuro, que t\u00eam como um dos principais objetivos inovar.<\/p>\n<p>&#8220;A expectativa \u00e9 que tenhamos trabalhos de pesquisa e inova\u00e7\u00e3o em tr\u00eas vertentes: tecnologias para incrementar fatores de recupera\u00e7\u00e3o em campos de \u00f3leo e g\u00e1s, energias renov\u00e1veis e aplicativos em sa\u00fade. Temos v\u00e1rios bons exemplos do papel desse modelo de neg\u00f3cio no novo cen\u00e1rio econ\u00f4mico&#8221;, afirmou o prefeito de Maca\u00e9, Dr. Aluizio.<\/p>\n<p>A lista dos selecionados ser\u00e1 divulgada no dia 22 de mar\u00e7o, com o in\u00edcio do programa previsto para o dia 1\u00ba de abril.\u00a0<strong><a href=\"http:\/\/www.macae.rj.gov.br\/midia\/conteudo\/arquivos\/1548879194.pdf\" target=\"_blank\" rel=\"noopener\">O edital completo<\/a><\/strong>\u00a0tamb\u00e9m est\u00e1 dispon\u00edvel no\u00a0<strong><a href=\"http:\/\/www.macae.rj.gov.br\/sedec\/conteudo\/titulo\/startup-macae\" target=\"_blank\" rel=\"noopener\">site da prefeitura.<\/a><\/strong><\/p>\n<p><a href=\"http:\/\/www.macae.rj.gov.br\/noticias\/leitura\/noticia\/startup-macae-inicia-inscricoes\" target=\"_blank\" rel=\"noopener\">Fonte: Prefeitura de Maca\u00e9<\/a><br \/>\nJornalista: Equipe Secom<\/p>\n","protected":false},"excerpt":{"rendered":"<p>As inscri\u00e7\u00f5es para o Programa Startup Maca\u00e9 come\u00e7aram nesta segunda-feira (4). O modelo de neg\u00f3cios, que \u00e9 o sonho de<\/p>\n","protected":false},"author":7,"featured_media":10495,"comment_status":"open","ping_status":"open","sticky":false,"template":"","format":"standard","meta":{"footnotes":""},"categories":[177],"tags":[1912],"class_list":["post-10492","post","type-post","status-publish","format-standard","has-post-thumbnail","hentry","category-materias","tag-startup"],"_links":{"self":[{"href":"https:\/\/www.azullimao.com.br\/portal\/wp-json\/wp\/v2\/posts\/10492","targetHints":{"allow":["GET"]}}],"collection":[{"href":"https:\/\/www.azullimao.com.br\/portal\/wp-json\/wp\/v2\/posts"}],"about":[{"href":"https:\/\/www.azullimao.com.br\/portal\/wp-json\/wp\/v2\/types\/post"}],"author":[{"embeddable":true,"href":"https:\/\/www.azullimao.com.br\/portal\/wp-json\/wp\/v2\/users\/7"}],"replies":[{"embeddable":true,"href":"https:\/\/www.azullimao.com.br\/portal\/wp-json\/wp\/v2\/comments?post=10492"}],"version-history":[{"count":2,"href":"https:\/\/www.azullimao.com.br\/portal\/wp-json\/wp\/v2\/posts\/10492\/revisions"}],"predecessor-version":[{"id":10496,"href":"https:\/\/www.azullimao.com.br\/portal\/wp-json\/wp\/v2\/posts\/10492\/revisions\/10496"}],"wp:featuredmedia":[{"embeddable":true,"href":"https:\/\/www.azullimao.com.br\/portal\/wp-json\/wp\/v2\/media\/10495"}],"wp:attachment":[{"href":"https:\/\/www.azullimao.com.br\/portal\/wp-json\/wp\/v2\/media?parent=10492"}],"wp:term":[{"taxonomy":"category","embeddable":true,"href":"https:\/\/www.azullimao.com.br\/portal\/wp-json\/wp\/v2\/categories?post=10492"},{"taxonomy":"post_tag","embeddable":true,"href":"https:\/\/www.azullimao.com.br\/portal\/wp-json\/wp\/v2\/tags?post=10492"}],"curies":[{"name":"wp","href":"https:\/\/api.w.org\/{rel}","templated":true}]}}