{"id":10490,"date":"2019-02-04T15:49:21","date_gmt":"2019-02-04T17:49:21","guid":{"rendered":"http:\/\/www.azullimao.com.br\/portal\/?p=10490"},"modified":"2019-02-04T15:49:21","modified_gmt":"2019-02-04T17:49:21","slug":"semana-comeca-com-115-oportunidades-de-trabalho","status":"publish","type":"post","link":"https:\/\/www.azullimao.com.br\/portal\/noticias-e-empregos\/semana-comeca-com-115-oportunidades-de-trabalho\/","title":{"rendered":"Semana come\u00e7a com 115 oportunidades de trabalho"},"content":{"rendered":"<p>Cento e quinze vagas est\u00e3o dispon\u00edveis neste in\u00edcio de semana. Elas s\u00e3o em diferentes \u00e1reas como projetista de instrumenta\u00e7\u00e3o, de tubula\u00e7\u00e3o e t\u00e9cnico de suporte. As oportunidades s\u00e3o de empresas parceiras da Secretaria Adjunta de Trabalho e Renda. A lista completa e atualizada est\u00e1 dispon\u00edvel no\u00a0<strong><a href=\"http:\/\/macae.rj.gov.br\/trabalhoerenda\/conteudo\/titulo\/ao-trabalhador\" target=\"_blank\" rel=\"noopener\">portal da Prefeitura de Maca\u00e9<\/a><\/strong>. Para se candidatar, \u00e9 preciso comparecer \u00e0 sede da secretaria na Rod. Amaral Peixoto s\/n, em frente ao Est\u00e1dio Cl\u00e1udio Moacyr, na Barra.<\/p>\n<p>Confira\u00a0<a href=\"http:\/\/sistemas.macae.rj.gov.br:84\/catalogo\/semtre\/index\/mural\" target=\"_blank\" rel=\"noopener\"><strong>aqui<\/strong><\/a>\u00a0a listagem completa das vagas.<\/p>\n<p><a href=\"http:\/\/www.macae.rj.gov.br\/noticias\/leitura\/noticia\/semana-comeca-com-115-oportunidades-de-trabalho\" target=\"_blank\" rel=\"noopener\">Fonte: Prefeitura de Maca\u00e9<\/a><br \/>\nJornalista: Equipe Secom<\/p>\n","protected":false},"excerpt":{"rendered":"<p>Cento e quinze vagas est\u00e3o dispon\u00edveis neste in\u00edcio de semana. Elas s\u00e3o em diferentes \u00e1reas como projetista de instrumenta\u00e7\u00e3o, de<\/p>\n","protected":false},"author":7,"featured_media":10057,"comment_status":"open","ping_status":"open","sticky":false,"template":"","format":"standard","meta":{"footnotes":""},"categories":[810],"tags":[815],"class_list":["post-10490","post","type-post","status-publish","format-standard","has-post-thumbnail","hentry","category-noticias-e-empregos","tag-vagas"],"_links":{"self":[{"href":"https:\/\/www.azullimao.com.br\/portal\/wp-json\/wp\/v2\/posts\/10490","targetHints":{"allow":["GET"]}}],"collection":[{"href":"https:\/\/www.azullimao.com.br\/portal\/wp-json\/wp\/v2\/posts"}],"about":[{"href":"https:\/\/www.azullimao.com.br\/portal\/wp-json\/wp\/v2\/types\/post"}],"author":[{"embeddable":true,"href":"https:\/\/www.azullimao.com.br\/portal\/wp-json\/wp\/v2\/users\/7"}],"replies":[{"embeddable":true,"href":"https:\/\/www.azullimao.com.br\/portal\/wp-json\/wp\/v2\/comments?post=10490"}],"version-history":[{"count":1,"href":"https:\/\/www.azullimao.com.br\/portal\/wp-json\/wp\/v2\/posts\/10490\/revisions"}],"predecessor-version":[{"id":10491,"href":"https:\/\/www.azullimao.com.br\/portal\/wp-json\/wp\/v2\/posts\/10490\/revisions\/10491"}],"wp:featuredmedia":[{"embeddable":true,"href":"https:\/\/www.azullimao.com.br\/portal\/wp-json\/wp\/v2\/media\/10057"}],"wp:attachment":[{"href":"https:\/\/www.azullimao.com.br\/portal\/wp-json\/wp\/v2\/media?parent=10490"}],"wp:term":[{"taxonomy":"category","embeddable":true,"href":"https:\/\/www.azullimao.com.br\/portal\/wp-json\/wp\/v2\/categories?post=10490"},{"taxonomy":"post_tag","embeddable":true,"href":"https:\/\/www.azullimao.com.br\/portal\/wp-json\/wp\/v2\/tags?post=10490"}],"curies":[{"name":"wp","href":"https:\/\/api.w.org\/{rel}","templated":true}]}}