{"id":10461,"date":"2019-01-31T10:15:36","date_gmt":"2019-01-31T12:15:36","guid":{"rendered":"http:\/\/www.azullimao.com.br\/portal\/?p=10461"},"modified":"2019-01-31T10:16:11","modified_gmt":"2019-01-31T12:16:11","slug":"vice-consul-do-japao-visitou-macae-para-apoiar-parceria-cultural","status":"publish","type":"post","link":"https:\/\/www.azullimao.com.br\/portal\/materias\/vice-consul-do-japao-visitou-macae-para-apoiar-parceria-cultural\/","title":{"rendered":"Vice-c\u00f4nsul do Jap\u00e3o visitou Maca\u00e9 para apoiar parceria cultural"},"content":{"rendered":"<div>O vice-c\u00f4nsul adjunto do Jap\u00e3o, Ken Kondo, e representantes da Associa\u00e7\u00e3o Matsuda Iminkan estiveram reunidos, na manh\u00e3 desta ter\u00e7a-feira (29), com o prefeito de Maca\u00e9, Dr. Aluizio, no gabinete do Centro de Conven\u00e7\u00f5es Jornalista Roberto Marinho. O objetivo da visita foi apresentar o projeto da constru\u00e7\u00e3o de um centro cultural no munic\u00edpio.<\/div>\n<div>\n<p>De acordo com a integrante da Associa\u00e7\u00e3o Matsuda Iminan, L\u00facia Silva, a cidade \u00e9 muito importante para a comunidade japonesa, pois foi a primeira col\u00f4nia no pa\u00eds.<\/p>\n<p>&#8220;Inicialmente, estamos pensando em construir o centro cultural, onde a popula\u00e7\u00e3o teria acesso \u00e0 cultura, educa\u00e7\u00e3o, esportes e ainda um museu&#8221;, explicou.<\/p>\n<p>O vice-presidente da Associa\u00e7\u00e3o, Felipe Zulo, disse que h\u00e1 inten\u00e7\u00e3o que no local funcione tamb\u00e9m uma faculdade, onde os alunos teriam a possibilidade de participar de interc\u00e2mbios com o Jap\u00e3o. &#8220;Seria uma marco cultural para aproximar o Brasil do Jap\u00e3o&#8221;, disse.<\/p>\n<p>O professor e presidente da Associa\u00e7\u00e3o, Shiro Matsuda, disse que esse projeto \u00e9 um sonho antigo, desde que fixou resid\u00eancia no munic\u00edpio de Maca\u00e9 em 1970. &#8220;Gostaria que isso se concretizasse dando oportunidades para todos e diminuindo desigualdades sociais&#8221;, ressaltou.<\/p>\n<p>O vice-c\u00f4nsul adjunto do Jap\u00e3o, Ken Kondo, disse que \u00e9 a terceira vez que visita Maca\u00e9 e acha muito importante essa parceria com o munic\u00edpio, pois a cidade tem grande import\u00e2ncia na hist\u00f3ria da imigra\u00e7\u00e3o daquele pa\u00eds.<\/p>\n<p>&#8220;A constru\u00e7\u00e3o desse centro \u00e9 uma oportunidade de integra\u00e7\u00e3o, interc\u00e2mbio cultural e n\u00f3s do consulado estamos apoiando esse ato do bem&#8221;, destacou.<\/p>\n<p><strong>Matsuda<\/strong><\/p>\n<p>O professor Shiro Matsuda \u00e9 \u00edcone do Jud\u00f4 brasileiro, principalmente no Estado do Rio de Janeiro. Tem mais de 50 anos dedicados ao ensino do esporte. Foi um dos pioneiros do Jud\u00f4 em no estado e filiou-se \u00e0 Federa\u00e7\u00e3o Fluminense de Jud\u00f4, hoje Federa\u00e7\u00e3o de Jud\u00f4 do Estado do Rio de Janeiro, em 1967. Em 1969, criou a Associa\u00e7\u00e3o Matsuda de Jud\u00f4 e Karat\u00ea, em Maca\u00e9. Em 2007, Matsuda foi escolhido pelo Comit\u00ea Ol\u00edmpico do Brasil como um dos condutores da Tocha Pan. J\u00e1 em 2016, Shiro Matsuda foi escolhido para carregar a Tocha Ol\u00edmpica na sua passagem por Maca\u00e9, cidade que o acolheu e onde mant\u00e9m sua academia. Hoje, 7\u00ba Dan na modalidade, Sensei Matsuda continua muito atuante no desenvolvimento do Jud\u00f4 no estado.<\/p>\n<p><a href=\"http:\/\/www.macae.rj.gov.br\/noticias\/leitura\/noticia\/vice-consul-do-japao-visita-macae-para-apoiar-parceria-cultural\" target=\"_blank\" rel=\"noopener\">Fonte: Prefeitura de Maca\u00e9<\/a><br \/>\nJornalista: Liliane Barboza<br \/>\n<b>Foto:<\/b> Ana Chaffin<\/p>\n<\/div>\n","protected":false},"excerpt":{"rendered":"<p>O vice-c\u00f4nsul adjunto do Jap\u00e3o, Ken Kondo, e representantes da Associa\u00e7\u00e3o Matsuda Iminkan estiveram reunidos, na manh\u00e3 desta ter\u00e7a-feira (29),<\/p>\n","protected":false},"author":7,"featured_media":10462,"comment_status":"open","ping_status":"open","sticky":false,"template":"","format":"standard","meta":{"footnotes":""},"categories":[177],"tags":[],"class_list":["post-10461","post","type-post","status-publish","format-standard","has-post-thumbnail","hentry","category-materias"],"_links":{"self":[{"href":"https:\/\/www.azullimao.com.br\/portal\/wp-json\/wp\/v2\/posts\/10461","targetHints":{"allow":["GET"]}}],"collection":[{"href":"https:\/\/www.azullimao.com.br\/portal\/wp-json\/wp\/v2\/posts"}],"about":[{"href":"https:\/\/www.azullimao.com.br\/portal\/wp-json\/wp\/v2\/types\/post"}],"author":[{"embeddable":true,"href":"https:\/\/www.azullimao.com.br\/portal\/wp-json\/wp\/v2\/users\/7"}],"replies":[{"embeddable":true,"href":"https:\/\/www.azullimao.com.br\/portal\/wp-json\/wp\/v2\/comments?post=10461"}],"version-history":[{"count":2,"href":"https:\/\/www.azullimao.com.br\/portal\/wp-json\/wp\/v2\/posts\/10461\/revisions"}],"predecessor-version":[{"id":10464,"href":"https:\/\/www.azullimao.com.br\/portal\/wp-json\/wp\/v2\/posts\/10461\/revisions\/10464"}],"wp:featuredmedia":[{"embeddable":true,"href":"https:\/\/www.azullimao.com.br\/portal\/wp-json\/wp\/v2\/media\/10462"}],"wp:attachment":[{"href":"https:\/\/www.azullimao.com.br\/portal\/wp-json\/wp\/v2\/media?parent=10461"}],"wp:term":[{"taxonomy":"category","embeddable":true,"href":"https:\/\/www.azullimao.com.br\/portal\/wp-json\/wp\/v2\/categories?post=10461"},{"taxonomy":"post_tag","embeddable":true,"href":"https:\/\/www.azullimao.com.br\/portal\/wp-json\/wp\/v2\/tags?post=10461"}],"curies":[{"name":"wp","href":"https:\/\/api.w.org\/{rel}","templated":true}]}}