{"id":10446,"date":"2019-01-29T09:27:38","date_gmt":"2019-01-29T11:27:38","guid":{"rendered":"http:\/\/www.azullimao.com.br\/portal\/?p=10446"},"modified":"2019-01-29T09:27:38","modified_gmt":"2019-01-29T11:27:38","slug":"comeca-edicao-2019-do-praia-para-todos-em-macae","status":"publish","type":"post","link":"https:\/\/www.azullimao.com.br\/portal\/materias\/comeca-edicao-2019-do-praia-para-todos-em-macae\/","title":{"rendered":"Come\u00e7a edi\u00e7\u00e3o 2019 do &#8216;Praia para Todos&#8217; em Maca\u00e9"},"content":{"rendered":"<p>A Prefeitura de Maca\u00e9 deu in\u00edcio neste domingo (27), no Posto 1, da Praia dos Cavaleiros, a edi\u00e7\u00e3o 2019 do Projeto &#8216;Praia para Todos&#8217;. A iniciativa permite que pessoas com defici\u00eancia f\u00edsica tenham acesso a banho de mar. Neste primeiro dia, sete participantes foram levados a se refrescar nas \u00e1guas, por interm\u00e9dio do trabalho de seis agentes da Secretaria Adjunta Municipal de Defesa Civil. Eles utilizaram uma cadeira anf\u00edbio, com tr\u00eas rodas que flutuam, e esteira, que facilita a passagem da cadeira at\u00e9 o mar.<\/p>\n<p>Segundo o coordenador da Defesa Civil, Luciano Castilhos, as pessoas com defici\u00eancia que participam desse projeto, que este ano vai at\u00e9 o final de mar\u00e7o, ficam gratas pela experi\u00eancia vivenciada em ter acesso ao banho. &#8220;Para muitos o mergulho para resfriar neste calor s\u00f3 \u00e9 poss\u00edvel atrav\u00e9s do &#8216;Praia para Todos&#8217;. Interessante \u00e9 que entre nossa equipe e as pessoas com defici\u00eancia surge amizade atrav\u00e9s de conversas, n\u00e3o havendo apenas a quest\u00e3o do banho de praia, mas tamb\u00e9m de bom relacionamento&#8221;, pontua ele.<\/p>\n<p>O &#8216;Praia para Todos&#8217; \u00e9 realizado pela Prefeitura de Maca\u00e9 no Ver\u00e3o, sempre aos domingos. A equipe, devidamente treinada, auxilia e garante a seguran\u00e7a dos cadeirantes no mar. Em todas as suas edi\u00e7\u00f5es, esta \u00e9 a quinta, o projeto recebe pessoas de diferentes locais do munic\u00edpio.<\/p>\n<p>Para participar n\u00e3o \u00e9 necess\u00e1ria inscri\u00e7\u00e3o pr\u00e9via, bastando apenas comparecer ao local, Posto 1 da praia dos Cavaleiros, das 8h \u00e0s 14h.<\/p>\n<p><a href=\"http:\/\/www.macae.rj.gov.br\/noticias\/leitura\/noticia\/comeca-edicao-2019-do-praia-para-todos#prettyPhoto\" target=\"_blank\" rel=\"noopener\">Fonte: Prefeitura de Maca\u00e9<\/a><br \/>\nJornalista: Equipe Secom<br \/>\n<b>Foto:<\/b> Lu\u00eds Gustavo Malheiros<\/p>\n","protected":false},"excerpt":{"rendered":"<p>A Prefeitura de Maca\u00e9 deu in\u00edcio neste domingo (27), no Posto 1, da Praia dos Cavaleiros, a edi\u00e7\u00e3o 2019 do<\/p>\n","protected":false},"author":7,"featured_media":10447,"comment_status":"open","ping_status":"open","sticky":false,"template":"","format":"standard","meta":{"footnotes":""},"categories":[177],"tags":[288],"class_list":["post-10446","post","type-post","status-publish","format-standard","has-post-thumbnail","hentry","category-materias","tag-macae"],"_links":{"self":[{"href":"https:\/\/www.azullimao.com.br\/portal\/wp-json\/wp\/v2\/posts\/10446","targetHints":{"allow":["GET"]}}],"collection":[{"href":"https:\/\/www.azullimao.com.br\/portal\/wp-json\/wp\/v2\/posts"}],"about":[{"href":"https:\/\/www.azullimao.com.br\/portal\/wp-json\/wp\/v2\/types\/post"}],"author":[{"embeddable":true,"href":"https:\/\/www.azullimao.com.br\/portal\/wp-json\/wp\/v2\/users\/7"}],"replies":[{"embeddable":true,"href":"https:\/\/www.azullimao.com.br\/portal\/wp-json\/wp\/v2\/comments?post=10446"}],"version-history":[{"count":1,"href":"https:\/\/www.azullimao.com.br\/portal\/wp-json\/wp\/v2\/posts\/10446\/revisions"}],"predecessor-version":[{"id":10448,"href":"https:\/\/www.azullimao.com.br\/portal\/wp-json\/wp\/v2\/posts\/10446\/revisions\/10448"}],"wp:featuredmedia":[{"embeddable":true,"href":"https:\/\/www.azullimao.com.br\/portal\/wp-json\/wp\/v2\/media\/10447"}],"wp:attachment":[{"href":"https:\/\/www.azullimao.com.br\/portal\/wp-json\/wp\/v2\/media?parent=10446"}],"wp:term":[{"taxonomy":"category","embeddable":true,"href":"https:\/\/www.azullimao.com.br\/portal\/wp-json\/wp\/v2\/categories?post=10446"},{"taxonomy":"post_tag","embeddable":true,"href":"https:\/\/www.azullimao.com.br\/portal\/wp-json\/wp\/v2\/tags?post=10446"}],"curies":[{"name":"wp","href":"https:\/\/api.w.org\/{rel}","templated":true}]}}