{"id":10444,"date":"2019-01-28T18:42:00","date_gmt":"2019-01-28T20:42:00","guid":{"rendered":"http:\/\/www.azullimao.com.br\/portal\/?p=10444"},"modified":"2019-01-28T18:42:00","modified_gmt":"2019-01-28T20:42:00","slug":"trabalho-e-renda-oferece-177-vagas-essa-semana-em-macae","status":"publish","type":"post","link":"https:\/\/www.azullimao.com.br\/portal\/noticias-e-empregos\/trabalho-e-renda-oferece-177-vagas-essa-semana-em-macae\/","title":{"rendered":"Trabalho e Renda oferece 177 vagas essa semana em Maca\u00e9"},"content":{"rendered":"<p>A semana come\u00e7a com 177 vagas sendo oferecidas em diversas \u00e1reas, para ambos os sexos. As oportunidades s\u00e3o de empresas parceiras da Secretaria Adjunta de Trabalho e Renda que, a cada semana, divulga lista atualizada no portal da Prefeitura de Maca\u00e9\u00a0<strong><a href=\"http:\/\/macae.rj.gov.br\/trabalhoerenda\" target=\"_blank\" rel=\"noopener\">macae.rj.gov.br\/trabalhoerenda<\/a><\/strong>. Para se candidatar, \u00e9 preciso comparecer \u00e0 sede da secretaria na Rod. Amaral Peixoto s\/n, em frente ao Est\u00e1dio Cl\u00e1udio Moacyr, na Barra.<\/p>\n<p>Entre os destaques da semana est\u00e3o 70 vagas para t\u00e9cnico de suporte e 16 para projetista de tubula\u00e7\u00e3o. Os crit\u00e9rios e benef\u00edcios de cada servi\u00e7o tamb\u00e9m est\u00e3o no site.<\/p>\n<p><strong><a href=\"http:\/\/sistemas.macae.rj.gov.br:84\/catalogo\/semtre\/index\/mural\" target=\"_blank\" rel=\"noopener\">Confira aqui a listagem completa das vagas<\/a><\/strong>.<\/p>\n<p>Fonte: Prefeitura de\u00a0 Maca\u00e9<br \/>\nJornalista: Equipe Secom<\/p>\n","protected":false},"excerpt":{"rendered":"<p>A semana come\u00e7a com 177 vagas sendo oferecidas em diversas \u00e1reas, para ambos os sexos. As oportunidades s\u00e3o de empresas<\/p>\n","protected":false},"author":7,"featured_media":10057,"comment_status":"open","ping_status":"open","sticky":false,"template":"","format":"standard","meta":{"footnotes":""},"categories":[810],"tags":[1236],"class_list":["post-10444","post","type-post","status-publish","format-standard","has-post-thumbnail","hentry","category-noticias-e-empregos","tag-vagas-de-empregos"],"_links":{"self":[{"href":"https:\/\/www.azullimao.com.br\/portal\/wp-json\/wp\/v2\/posts\/10444","targetHints":{"allow":["GET"]}}],"collection":[{"href":"https:\/\/www.azullimao.com.br\/portal\/wp-json\/wp\/v2\/posts"}],"about":[{"href":"https:\/\/www.azullimao.com.br\/portal\/wp-json\/wp\/v2\/types\/post"}],"author":[{"embeddable":true,"href":"https:\/\/www.azullimao.com.br\/portal\/wp-json\/wp\/v2\/users\/7"}],"replies":[{"embeddable":true,"href":"https:\/\/www.azullimao.com.br\/portal\/wp-json\/wp\/v2\/comments?post=10444"}],"version-history":[{"count":1,"href":"https:\/\/www.azullimao.com.br\/portal\/wp-json\/wp\/v2\/posts\/10444\/revisions"}],"predecessor-version":[{"id":10445,"href":"https:\/\/www.azullimao.com.br\/portal\/wp-json\/wp\/v2\/posts\/10444\/revisions\/10445"}],"wp:featuredmedia":[{"embeddable":true,"href":"https:\/\/www.azullimao.com.br\/portal\/wp-json\/wp\/v2\/media\/10057"}],"wp:attachment":[{"href":"https:\/\/www.azullimao.com.br\/portal\/wp-json\/wp\/v2\/media?parent=10444"}],"wp:term":[{"taxonomy":"category","embeddable":true,"href":"https:\/\/www.azullimao.com.br\/portal\/wp-json\/wp\/v2\/categories?post=10444"},{"taxonomy":"post_tag","embeddable":true,"href":"https:\/\/www.azullimao.com.br\/portal\/wp-json\/wp\/v2\/tags?post=10444"}],"curies":[{"name":"wp","href":"https:\/\/api.w.org\/{rel}","templated":true}]}}