{"id":10421,"date":"2019-01-26T14:23:26","date_gmt":"2019-01-26T16:23:26","guid":{"rendered":"http:\/\/www.azullimao.com.br\/portal\/?p=10421"},"modified":"2019-01-26T14:23:26","modified_gmt":"2019-01-26T16:23:26","slug":"praia-para-todos-comeca-neste-domingo-em-macae","status":"publish","type":"post","link":"https:\/\/www.azullimao.com.br\/portal\/materias\/praia-para-todos-comeca-neste-domingo-em-macae\/","title":{"rendered":"Praia para Todos come\u00e7a neste domingo em Maca\u00e9"},"content":{"rendered":"<p>A partir desse domingo (27), o Posto 1 na praia dos Cavaleiros volta a receber o Praia para Todos. De 8h \u00e0s 14h, a equipe da Secretaria Adjunta de Defesa Civil estar\u00e1 no local com o projeto que tem como objetivo tornar as praias acess\u00edveis para pessoas com defici\u00eancia. Essa \u00e9 a 5\u00aa edi\u00e7\u00e3o do Praia para Todos que acontece no ver\u00e3o, aos domingos.<\/p>\n<p>O Praia para Todos visa ampliar a acessibilidade ao banho de mar para pessoas com defici\u00eancia. \u00c9 utilizada uma cadeira anf\u00edbio com tr\u00eas rodas que flutuam e esteira que facilita a passagem da cadeira at\u00e9 o mar. Uma equipe de agentes da Defesa Civil treinados auxilia e garante a seguran\u00e7a do participante no mar.<\/p>\n<p>Em todas as suas edi\u00e7\u00f5es o projeto recebe pessoas de diferentes locais. &#8220;Muita gente vem aqui apenas pra bater papo, ficar na areia, al\u00e9m do banho de mar, o Praia para Todos \u00e9 um ponto de encontro. Recebemos fam\u00edlias macaenses e tamb\u00e9m de fora, que encontram aqui na cidade a oportunidade de participar do projeto&#8221;, disse o secret\u00e1rio Adjunto de Defesa Civil, Luciano Castilhos.<\/p>\n<p><a href=\"http:\/\/www.macae.rj.gov.br\/noticias\/leitura\/noticia\/praia-para-todos-comeca-neste-domingo\" target=\"_blank\" rel=\"noopener\">Fonte: Prefeitura de Maca\u00e9<\/a><br \/>\nJornalista: Equipe Secom<br \/>\n<b>Foto:<\/b>\u00a0Jo\u00e3o Barreto<\/p>\n","protected":false},"excerpt":{"rendered":"<p>A partir desse domingo (27), o Posto 1 na praia dos Cavaleiros volta a receber o Praia para Todos. De<\/p>\n","protected":false},"author":7,"featured_media":10422,"comment_status":"open","ping_status":"open","sticky":false,"template":"","format":"standard","meta":{"footnotes":""},"categories":[177],"tags":[],"class_list":["post-10421","post","type-post","status-publish","format-standard","has-post-thumbnail","hentry","category-materias"],"_links":{"self":[{"href":"https:\/\/www.azullimao.com.br\/portal\/wp-json\/wp\/v2\/posts\/10421","targetHints":{"allow":["GET"]}}],"collection":[{"href":"https:\/\/www.azullimao.com.br\/portal\/wp-json\/wp\/v2\/posts"}],"about":[{"href":"https:\/\/www.azullimao.com.br\/portal\/wp-json\/wp\/v2\/types\/post"}],"author":[{"embeddable":true,"href":"https:\/\/www.azullimao.com.br\/portal\/wp-json\/wp\/v2\/users\/7"}],"replies":[{"embeddable":true,"href":"https:\/\/www.azullimao.com.br\/portal\/wp-json\/wp\/v2\/comments?post=10421"}],"version-history":[{"count":1,"href":"https:\/\/www.azullimao.com.br\/portal\/wp-json\/wp\/v2\/posts\/10421\/revisions"}],"predecessor-version":[{"id":10423,"href":"https:\/\/www.azullimao.com.br\/portal\/wp-json\/wp\/v2\/posts\/10421\/revisions\/10423"}],"wp:featuredmedia":[{"embeddable":true,"href":"https:\/\/www.azullimao.com.br\/portal\/wp-json\/wp\/v2\/media\/10422"}],"wp:attachment":[{"href":"https:\/\/www.azullimao.com.br\/portal\/wp-json\/wp\/v2\/media?parent=10421"}],"wp:term":[{"taxonomy":"category","embeddable":true,"href":"https:\/\/www.azullimao.com.br\/portal\/wp-json\/wp\/v2\/categories?post=10421"},{"taxonomy":"post_tag","embeddable":true,"href":"https:\/\/www.azullimao.com.br\/portal\/wp-json\/wp\/v2\/tags?post=10421"}],"curies":[{"name":"wp","href":"https:\/\/api.w.org\/{rel}","templated":true}]}}