{"id":10363,"date":"2019-01-15T09:28:33","date_gmt":"2019-01-15T11:28:33","guid":{"rendered":"http:\/\/www.azullimao.com.br\/portal\/?p=10363"},"modified":"2019-01-15T09:28:33","modified_gmt":"2019-01-15T11:28:33","slug":"fest-verao-esportivo-comeca-neste-sabado","status":"publish","type":"post","link":"https:\/\/www.azullimao.com.br\/portal\/materias\/fest-verao-esportivo-comeca-neste-sabado\/","title":{"rendered":"Fest Ver\u00e3o Esportivo come\u00e7a neste s\u00e1bado"},"content":{"rendered":"<div>Ver\u00e3o, praia, sol e muito esporte. Macaenses e turistas ter\u00e3o muitos motivos a mais para desfrutar das praias, serra e lagoa de Maca\u00e9 na esta\u00e7\u00e3o mais quente do ano. Deste s\u00e1bado (19) at\u00e9 o dia 23 de fevereiro, o Fest Ver\u00e3o Esportivo 2019 apresentar\u00e1 muita divers\u00e3o e vasta programa\u00e7\u00e3o. O objetivo \u00e9 incentivar h\u00e1bitos saud\u00e1veis, com atividades como frescobol, v\u00f4lei de praia, canoa havaiana, futev\u00f4lei, torneio de pesca, beach soccer, beach t\u00eanis, bodyboard, bicicross, corrida r\u00fastica na serra e, pela primeira, um evento de MMA.<\/div>\n<div>As atividades s\u00e3o organizadas pela Secretaria Municipal de Esportes. O evento conta com a parceria de diversas secretarias municipais e apoios das institui\u00e7\u00f5es esportivas de frescobol, pesca e canoa havaiana.<\/p>\n<p>As inscri\u00e7\u00f5es j\u00e1 est\u00e3o abertas e os interessados em participar das competi\u00e7\u00f5es podem se inscrever na academia da Pra\u00e7a Washington Luiz &#8211; Centro, de segunda a sexta-feira, das 8h \u00e0s 17h. Outras informa\u00e7\u00f5es podem ser obtidas pelo telefone 2770-6770. As inscri\u00e7\u00f5es seguem at\u00e9 a sexta-feira anterior \u00e0 competi\u00e7\u00e3o.<\/p>\n<p>Para realizar a inscri\u00e7\u00e3o, \u00e9 necess\u00e1rio levar c\u00f3pia e original do documento de identidade e CPF, al\u00e9m de preencher formul\u00e1rio que ser\u00e1 disponibilizado no local.<\/p>\n<p>De acordo com a secret\u00e1ria de Esportes, Andr\u00e9ia Freitas, ser\u00e3o cinco finais de semana de programa\u00e7\u00e3o de Ver\u00e3o e todos est\u00e3o convidados a participar. \u201cEste ano, al\u00e9m das modalidades que j\u00e1 s\u00e3o praticadas normalmente, vamos levar um dos esportes que mais cresce no mundo e no Brasil n\u00e3o \u00e9 diferente. Aqui em Maca\u00e9 tamb\u00e9m temos representantes do MMA e acredito que o evento vai atrair muitas pessoas para a nossa orla no \u00faltimo dia do evento, em fevereiro, quando ser\u00e1 montada uma arena. J\u00e1 o passeio cicl\u00edstico vai abrir o dia com atletas percorrendo as ruas da cidade\u201d, destacou.<\/p><\/div>\n<p><span class=\"noticia-conteudo\"><br \/>\n<strong>Programa\u00e7\u00e3o do Fest Ver\u00e3o Esportivo Maca\u00e9 2019<\/p>\n<p><\/strong>19\/01 &#8211; Frescobol &#8211; Praia Campista &#8211; 8h<\/p>\n<p>20\/01 &#8211; Frescobol &#8211; Praia Campista &#8211; 8h<\/p>\n<p>26\/01 &#8211; V\u00f4lei de Praia &#8211; Praia Campista &#8211; 8h<\/p>\n<p>26\/01 &#8211; Canoa Havaiana &#8211; Lagoa de Imboassica &#8211; 8h<\/p>\n<p>27\/01 &#8211; Canoa havaiana &#8211; Lagoa de Imboassica &#8211; 8h<\/p>\n<p>27\/01 &#8211; Pesca &#8211; Praia do Pecado &#8211; 8h<\/p>\n<p>27\/01 &#8211; Futvolei &#8211; Praia Campista &#8211; 8h<\/p>\n<p>02\/02 &#8211; Surf- Praia do Pecado &#8211; 8h<\/p>\n<p>02\/02 &#8211; Beach Soccer &#8211; Praia Campista &#8211; 8h<\/p>\n<p>03\/02 &#8211; Surf &#8211; Praia do Pecado &#8211; 8h<\/p>\n<p>03\/02 &#8211; Beach Soccer &#8211; Praia Campista &#8211; 8h<\/p>\n<p>09\/02 &#8211; Beach Soccer &#8211; Praia Campista &#8211; 8h<\/p>\n<p>09\/02 &#8211; Bodyboard &#8211; Praia dos Cavaleiros &#8211; 8h<\/p>\n<p>10\/02 &#8211; Beach Soccer &#8211; Praia Campista &#8211; 8h<\/p>\n<p>16\/02 &#8211; Bicicross &#8211; Parque Aeroporto &#8211; 16h<\/p>\n<p>16\/02 &#8211; Beach T\u00eanis &#8211; Praia Campista &#8211; 8h<\/p>\n<p>17\/02 &#8211; Corrida na Serra &#8211; Trapiche &#8211; 7h<\/p>\n<p>23\/02 &#8211; X-Force &#8211; Praia Campista 16h<br \/>\n<\/span><\/p>\n<div><\/div>\n<div id=\"content-news-photos-related\"><a href=\"http:\/\/www.macae.rj.gov.br\/noticias\/leitura\/noticia\/fest-verao-esportivo-comeca-neste-sabado\" target=\"_blank\" rel=\"noopener\">Fonte: Prefeitura de Maca\u00e9<\/a><br \/>\nJornalista: Equipe Esportes<br \/>\n<b>Foto:<\/b> Arquivo Secom<\/div>\n","protected":false},"excerpt":{"rendered":"<p>Ver\u00e3o, praia, sol e muito esporte. Macaenses e turistas ter\u00e3o muitos motivos a mais para desfrutar das praias, serra e<\/p>\n","protected":false},"author":7,"featured_media":10364,"comment_status":"open","ping_status":"open","sticky":false,"template":"","format":"standard","meta":{"footnotes":""},"categories":[177],"tags":[],"class_list":["post-10363","post","type-post","status-publish","format-standard","has-post-thumbnail","hentry","category-materias"],"_links":{"self":[{"href":"https:\/\/www.azullimao.com.br\/portal\/wp-json\/wp\/v2\/posts\/10363","targetHints":{"allow":["GET"]}}],"collection":[{"href":"https:\/\/www.azullimao.com.br\/portal\/wp-json\/wp\/v2\/posts"}],"about":[{"href":"https:\/\/www.azullimao.com.br\/portal\/wp-json\/wp\/v2\/types\/post"}],"author":[{"embeddable":true,"href":"https:\/\/www.azullimao.com.br\/portal\/wp-json\/wp\/v2\/users\/7"}],"replies":[{"embeddable":true,"href":"https:\/\/www.azullimao.com.br\/portal\/wp-json\/wp\/v2\/comments?post=10363"}],"version-history":[{"count":1,"href":"https:\/\/www.azullimao.com.br\/portal\/wp-json\/wp\/v2\/posts\/10363\/revisions"}],"predecessor-version":[{"id":10365,"href":"https:\/\/www.azullimao.com.br\/portal\/wp-json\/wp\/v2\/posts\/10363\/revisions\/10365"}],"wp:featuredmedia":[{"embeddable":true,"href":"https:\/\/www.azullimao.com.br\/portal\/wp-json\/wp\/v2\/media\/10364"}],"wp:attachment":[{"href":"https:\/\/www.azullimao.com.br\/portal\/wp-json\/wp\/v2\/media?parent=10363"}],"wp:term":[{"taxonomy":"category","embeddable":true,"href":"https:\/\/www.azullimao.com.br\/portal\/wp-json\/wp\/v2\/categories?post=10363"},{"taxonomy":"post_tag","embeddable":true,"href":"https:\/\/www.azullimao.com.br\/portal\/wp-json\/wp\/v2\/tags?post=10363"}],"curies":[{"name":"wp","href":"https:\/\/api.w.org\/{rel}","templated":true}]}}