{"id":10360,"date":"2019-01-14T16:54:09","date_gmt":"2019-01-14T18:54:09","guid":{"rendered":"http:\/\/www.azullimao.com.br\/portal\/?p=10360"},"modified":"2019-01-14T18:18:10","modified_gmt":"2019-01-14T20:18:10","slug":"semana-comeca-com-174-vagas-de-emprego","status":"publish","type":"post","link":"https:\/\/www.azullimao.com.br\/portal\/noticias-e-empregos\/semana-comeca-com-174-vagas-de-emprego\/","title":{"rendered":"Semana come\u00e7a com 174 vagas de emprego em Maca\u00e9"},"content":{"rendered":"<p>Duas vagas para engenheiro mec\u00e2nico, quatro para fisioterapeuta, uma para instalador de rastreador veicular e outras para auxiliares em diferentes \u00e1reas est\u00e3o abertas neste in\u00edcio de semana em empresas parceiras da Secretaria de Desenvolvimento Econ\u00f4mico, Trabalho e Renda.<\/p>\n<p>No site\u00a0<strong><a href=\"http:\/\/macae.rj.gov.br\/trabalhoerenda\/conteudo\/titulo\/ao-trabalhador\" target=\"_blank\" rel=\"noopener\">macae.rj.gov.br\/trabalhoerenda<\/a><\/strong>, acessando a \u00c1rea do Trabalhador, \u00e9 poss\u00edvel verificar o quadro de empregos dispon\u00edveis. N\u00e3o \u00e9 necess\u00e1rio fazer agendamento para concorrer. O atendimento \u00e9 gratuito e os interessados podem ir direto \u00e0 secretaria, na Rodovia Amaral Peixoto, s\/n, em frente ao Est\u00e1dio Cl\u00e1udio Moacyr, na Barra, de segunda a sexta-feira, das 8h \u00e0s 17h.<\/p>\n<p>Para emiss\u00e3o das carteiras de identidade e de trabalho \u00e9 necess\u00e1rio fazer agendamento pelo 0800.021.1138. Em seguida, o candidato deve comparecer \u00e0 secretaria. A documenta\u00e7\u00e3o necess\u00e1ria para cada servi\u00e7o encontra-se divulgada no pr\u00f3prio site. Em caso de d\u00favida, o interessado pode ligar para 2763-6344.<\/p>\n<p><strong><a href=\"http:\/\/sistemas.macae.rj.gov.br:84\/catalogo\/semtre\/index\/mural\" target=\"_blank\" rel=\"noopener\">Confira aqui a listagem completa das vagas.<\/a><\/strong><\/p>\n<p><a href=\"http:\/\/www.macae.rj.gov.br\/noticias\/leitura\/noticia\/semana-comeca-com-174-vagas-de-emprego\" target=\"_blank\" rel=\"noopener\">Fonte: Prefeitura de Maca\u00e9<\/a><br \/>\nJornalista: Equipe Secom<\/p>\n<p>&nbsp;<\/p>\n","protected":false},"excerpt":{"rendered":"<p>Duas vagas para engenheiro mec\u00e2nico, quatro para fisioterapeuta, uma para instalador de rastreador veicular e outras para auxiliares em diferentes<\/p>\n","protected":false},"author":7,"featured_media":10057,"comment_status":"open","ping_status":"open","sticky":false,"template":"","format":"standard","meta":{"footnotes":""},"categories":[810],"tags":[815],"class_list":["post-10360","post","type-post","status-publish","format-standard","has-post-thumbnail","hentry","category-noticias-e-empregos","tag-vagas"],"_links":{"self":[{"href":"https:\/\/www.azullimao.com.br\/portal\/wp-json\/wp\/v2\/posts\/10360","targetHints":{"allow":["GET"]}}],"collection":[{"href":"https:\/\/www.azullimao.com.br\/portal\/wp-json\/wp\/v2\/posts"}],"about":[{"href":"https:\/\/www.azullimao.com.br\/portal\/wp-json\/wp\/v2\/types\/post"}],"author":[{"embeddable":true,"href":"https:\/\/www.azullimao.com.br\/portal\/wp-json\/wp\/v2\/users\/7"}],"replies":[{"embeddable":true,"href":"https:\/\/www.azullimao.com.br\/portal\/wp-json\/wp\/v2\/comments?post=10360"}],"version-history":[{"count":2,"href":"https:\/\/www.azullimao.com.br\/portal\/wp-json\/wp\/v2\/posts\/10360\/revisions"}],"predecessor-version":[{"id":10362,"href":"https:\/\/www.azullimao.com.br\/portal\/wp-json\/wp\/v2\/posts\/10360\/revisions\/10362"}],"wp:featuredmedia":[{"embeddable":true,"href":"https:\/\/www.azullimao.com.br\/portal\/wp-json\/wp\/v2\/media\/10057"}],"wp:attachment":[{"href":"https:\/\/www.azullimao.com.br\/portal\/wp-json\/wp\/v2\/media?parent=10360"}],"wp:term":[{"taxonomy":"category","embeddable":true,"href":"https:\/\/www.azullimao.com.br\/portal\/wp-json\/wp\/v2\/categories?post=10360"},{"taxonomy":"post_tag","embeddable":true,"href":"https:\/\/www.azullimao.com.br\/portal\/wp-json\/wp\/v2\/tags?post=10360"}],"curies":[{"name":"wp","href":"https:\/\/api.w.org\/{rel}","templated":true}]}}