{"id":10352,"date":"2019-01-14T08:30:00","date_gmt":"2019-01-14T10:30:00","guid":{"rendered":"http:\/\/www.azullimao.com.br\/portal\/?p=10352"},"modified":"2019-01-14T08:30:00","modified_gmt":"2019-01-14T10:30:00","slug":"prefeito-recebe-comitiva-do-governo-do-estado","status":"publish","type":"post","link":"https:\/\/www.azullimao.com.br\/portal\/materias\/prefeito-recebe-comitiva-do-governo-do-estado\/","title":{"rendered":"Prefeito recebe comitiva do Governo do Estado"},"content":{"rendered":"<div>O prefeito de Maca\u00e9, Dr. Aluizio, recebeu o secret\u00e1rio de Estado de Desenvolvimento Econ\u00f4mico e Gera\u00e7\u00e3o de Emprego e Renda, Lucas Trist\u00e3o, nesta sexta-feira (11), no gabinete do Pa\u00e7o Municipal. Os subsecret\u00e1rios de Rela\u00e7\u00f5es Institucionais, Alexandre Ceotto, e de Petr\u00f3leo e G\u00e1s, Cristina Pinho e o deputado federal (PSL), Fel\u00edcio Later\u00e7a, participaram do encontro. Al\u00e9m do Terminal Portu\u00e1rio (Tepor) e do Aeroporto de Maca\u00e9, a pauta tamb\u00e9m incluiu temas que demonstram a preocupa\u00e7\u00e3o do governador do Estado do Rio de Janeiro, Wilson Witzel, em fortalecer a economia do amanh\u00e3 para a regi\u00e3o.<\/div>\n<div>&#8220;Agradecemos a sensibilidade do secret\u00e1rio em vir a Maca\u00e9. A expectativa \u00e9 &#8216;hiper&#8217; positiva quanto ao novo governo e estamos dispon\u00edveis a outros encontros&#8221;, disse Dr. Aluizio, ap\u00f3s o encontro.<\/p>\n<p>O secret\u00e1rio de Estado de Desenvolvimento Econ\u00f4mico e Gera\u00e7\u00e3o de Emprego e Renda destacou que o governo do estado n\u00e3o s\u00f3 se preocupa com a regi\u00e3o metropolitana, mas com todos os 92 munic\u00edpios. A vinda de Lucas Trist\u00e3o \u00e0 regi\u00e3o incluiu tamb\u00e9m uma visita ao Porto do A\u00e7u e ao munic\u00edpio de Quissam\u00e3.<\/p>\n<p>&#8220;Al\u00e9m do porto e do aeroporto, tratamos tamb\u00e9m de campos maduros. Discutimos energias renov\u00e1veis, a implanta\u00e7\u00e3o de um polo de startups. Enfim, fazer aqui um polo de tecnologia do Estado do Rio de Janeiro. Sabemos que no presente a economia do \u00f3leo e g\u00e1s \u00e9 mais forte, mas a inten\u00e7\u00e3o \u00e9 fortalecer o pioneirismo no munic\u00edpio, com energia limpa, softwares, para criar a economia do amanh\u00e3&#8221;, explicou.<\/p>\n<p>Fonte: Prefeitura de Maca\u00e9<br \/>\nJornalista: Catarina Brust<br \/>\n<b>Foto:<\/b>\u00a0Ana Chaffin<\/div>\n","protected":false},"excerpt":{"rendered":"<p>O prefeito de Maca\u00e9, Dr. Aluizio, recebeu o secret\u00e1rio de Estado de Desenvolvimento Econ\u00f4mico e Gera\u00e7\u00e3o de Emprego e Renda,<\/p>\n","protected":false},"author":7,"featured_media":10353,"comment_status":"open","ping_status":"open","sticky":false,"template":"","format":"standard","meta":{"footnotes":""},"categories":[177],"tags":[1898],"class_list":["post-10352","post","type-post","status-publish","format-standard","has-post-thumbnail","hentry","category-materias","tag-macvae"],"_links":{"self":[{"href":"https:\/\/www.azullimao.com.br\/portal\/wp-json\/wp\/v2\/posts\/10352","targetHints":{"allow":["GET"]}}],"collection":[{"href":"https:\/\/www.azullimao.com.br\/portal\/wp-json\/wp\/v2\/posts"}],"about":[{"href":"https:\/\/www.azullimao.com.br\/portal\/wp-json\/wp\/v2\/types\/post"}],"author":[{"embeddable":true,"href":"https:\/\/www.azullimao.com.br\/portal\/wp-json\/wp\/v2\/users\/7"}],"replies":[{"embeddable":true,"href":"https:\/\/www.azullimao.com.br\/portal\/wp-json\/wp\/v2\/comments?post=10352"}],"version-history":[{"count":1,"href":"https:\/\/www.azullimao.com.br\/portal\/wp-json\/wp\/v2\/posts\/10352\/revisions"}],"predecessor-version":[{"id":10354,"href":"https:\/\/www.azullimao.com.br\/portal\/wp-json\/wp\/v2\/posts\/10352\/revisions\/10354"}],"wp:featuredmedia":[{"embeddable":true,"href":"https:\/\/www.azullimao.com.br\/portal\/wp-json\/wp\/v2\/media\/10353"}],"wp:attachment":[{"href":"https:\/\/www.azullimao.com.br\/portal\/wp-json\/wp\/v2\/media?parent=10352"}],"wp:term":[{"taxonomy":"category","embeddable":true,"href":"https:\/\/www.azullimao.com.br\/portal\/wp-json\/wp\/v2\/categories?post=10352"},{"taxonomy":"post_tag","embeddable":true,"href":"https:\/\/www.azullimao.com.br\/portal\/wp-json\/wp\/v2\/tags?post=10352"}],"curies":[{"name":"wp","href":"https:\/\/api.w.org\/{rel}","templated":true}]}}