{"id":10336,"date":"2019-01-10T11:54:49","date_gmt":"2019-01-10T13:54:49","guid":{"rendered":"http:\/\/www.azullimao.com.br\/portal\/?p=10336"},"modified":"2019-01-10T11:54:49","modified_gmt":"2019-01-10T13:54:49","slug":"lexar-anuncia-o-primeiro-cartao-sd-de-1-tb-comercialmente-disponivel","status":"publish","type":"post","link":"https:\/\/www.azullimao.com.br\/portal\/colunas\/renato-martins\/lexar-anuncia-o-primeiro-cartao-sd-de-1-tb-comercialmente-disponivel\/","title":{"rendered":"Lexar anuncia o primeiro cart\u00e3o SD de 1 TB comercialmente dispon\u00edvel"},"content":{"rendered":"<p dir=\"ltr\">J\u00e1 faz alguns anos que a\u00a0SanDisk\u00a0e a Western Digital v\u00eam prometendo vers\u00f5es comerciais de seus cart\u00f5es de mem\u00f3ria SD com 1 TB, mas at\u00e9 o momento n\u00e3o h\u00e1 disponibilidade de compra dos prot\u00f3tipos descritos pelas companhias h\u00e1 algum tempo. Eis que a Lexar, que em 2017 havia \u201clargado os betes\u201d no setor e em agosto do ano passado voltou a apostar em armazenamento flash, anunciou o seu pr\u00f3prio SD de 1 TB para o consumidor final.<\/p>\n<p>A estreia aconteceu no Consumer Electronics Show (CES) 2019 e o 633x SDXC UHS-I com um card avaliado como \u201cn\u00edvel 10\u201d e testado em mais de 1,1 mil dispositivos. A Lexar promete velocidade de leitura a 95 MB\/s e de escrita a 70 MB\/s em classes V30 e U3 e a expectativa \u00e9 de que em geral o acess\u00f3rio apresente uma velocidade de escrita mais consistente a 30 MB\/s.<\/p>\n<p>A companhia afirma que o cart\u00e3o foi idealizado para capturar e transferir rapidamente conte\u00fado de alta resolu\u00e7\u00e3o em fotos e v\u00eddeos, sejam 1080p, Full HD, 3D ou 4K. Embora n\u00e3o hajam mais detalhes sobre a estrutura do SD card \u2014afinal, \u00e9 comum eles perderem qualidade ou at\u00e9 mesmo dados ap\u00f3s dois anos de desgaste, por exemplo \u2014, \u00e9 uma boa sa\u00edda para quem precisa de mobilidade e muita mem\u00f3ria, principalmente com a chegada do 5G.<\/p>\n<div class=\"article-text highlight p402_premium\">\n<p>O pre\u00e7o sugerido \u00e9 de US$ 500 (R$ 1.843,48 na convers\u00e3o direta) \u2014 mas\u00a0j\u00e1 tem gente vendendo por a\u00ed por US$ 400\u00a0(R$ 1.474,79).<\/p>\n<\/div>\n<div class=\"references\"><span class=\"references-title\">FONTE(S)<\/span><\/p>\n<ul class=\"references-list\">\n<li class=\"references-item\"><a title=\"The Verge\/Sam Byford\" href=\"https:\/\/www.theverge.com\/circuitbreaker\/2019\/1\/9\/18176089\/lexar-first-1tb-sd-card-price-date-ces-2019\" target=\"_blank\" rel=\"noopener\">THE VERGE\/SAM BYFORD<\/a><\/li>\n<\/ul>\n<\/div>\n<div class=\"references\"><span class=\"references-title\">IMAGEN(S)<\/span><\/p>\n<ul class=\"references-list\">\n<li class=\"references-item\"><a title=\"Lexar\" href=\"http:\/\/www.lexar.com\/lexar-announces-1tb-633x-sdxc-uhs-i-card-the-behemoth-of-storage-capacity\/\" target=\"_blank\" rel=\"noopener\">LEXAR<\/a><\/li>\n<\/ul>\n<\/div>\n<p>Fonte:\u00a0<a href=\"https:\/\/www.tecmundo.com.br\/produto\/137770-lexar-anuncia-primeiro-cartao-sd-1-tb-comercialmente-disponivel.htm\" target=\"_blank\" rel=\"noopener\">www.tecmundo.com.br<\/a><br \/>\nPOR\u00a0<a href=\"https:\/\/www.tecmundo.com.br\/autor\/547-claudio-yuge\/\" rel=\"author\"><span class=\"label-author\">CLAUDIO YUGE<\/span><\/a>\u00a0|\u00a0<a href=\"http:\/\/www.twitter.com\/clangcomix\" target=\"_blank\" rel=\"author noopener\">@clangcomix<\/a><\/p>\n","protected":false},"excerpt":{"rendered":"<p>J\u00e1 faz alguns anos que a\u00a0SanDisk\u00a0e a Western Digital v\u00eam prometendo vers\u00f5es comerciais de seus cart\u00f5es de mem\u00f3ria SD com<\/p>\n","protected":false},"author":7,"featured_media":10337,"comment_status":"open","ping_status":"open","sticky":false,"template":"","format":"standard","meta":{"footnotes":""},"categories":[192,166,173],"tags":[1894],"class_list":["post-10336","post","type-post","status-publish","format-standard","has-post-thumbnail","hentry","category-colunas","category-renato-martins","category-tecnologia","tag-lexar"],"_links":{"self":[{"href":"https:\/\/www.azullimao.com.br\/portal\/wp-json\/wp\/v2\/posts\/10336","targetHints":{"allow":["GET"]}}],"collection":[{"href":"https:\/\/www.azullimao.com.br\/portal\/wp-json\/wp\/v2\/posts"}],"about":[{"href":"https:\/\/www.azullimao.com.br\/portal\/wp-json\/wp\/v2\/types\/post"}],"author":[{"embeddable":true,"href":"https:\/\/www.azullimao.com.br\/portal\/wp-json\/wp\/v2\/users\/7"}],"replies":[{"embeddable":true,"href":"https:\/\/www.azullimao.com.br\/portal\/wp-json\/wp\/v2\/comments?post=10336"}],"version-history":[{"count":1,"href":"https:\/\/www.azullimao.com.br\/portal\/wp-json\/wp\/v2\/posts\/10336\/revisions"}],"predecessor-version":[{"id":10338,"href":"https:\/\/www.azullimao.com.br\/portal\/wp-json\/wp\/v2\/posts\/10336\/revisions\/10338"}],"wp:featuredmedia":[{"embeddable":true,"href":"https:\/\/www.azullimao.com.br\/portal\/wp-json\/wp\/v2\/media\/10337"}],"wp:attachment":[{"href":"https:\/\/www.azullimao.com.br\/portal\/wp-json\/wp\/v2\/media?parent=10336"}],"wp:term":[{"taxonomy":"category","embeddable":true,"href":"https:\/\/www.azullimao.com.br\/portal\/wp-json\/wp\/v2\/categories?post=10336"},{"taxonomy":"post_tag","embeddable":true,"href":"https:\/\/www.azullimao.com.br\/portal\/wp-json\/wp\/v2\/tags?post=10336"}],"curies":[{"name":"wp","href":"https:\/\/api.w.org\/{rel}","templated":true}]}}