{"id":10320,"date":"2019-01-05T10:45:12","date_gmt":"2019-01-05T12:45:12","guid":{"rendered":"http:\/\/www.azullimao.com.br\/portal\/?p=10320"},"modified":"2019-01-05T10:45:25","modified_gmt":"2019-01-05T12:45:25","slug":"prefeito-de-macae-destaca-tepor-como-oportunidade-de-desenvolvimento","status":"publish","type":"post","link":"https:\/\/www.azullimao.com.br\/portal\/materias\/prefeito-de-macae-destaca-tepor-como-oportunidade-de-desenvolvimento\/","title":{"rendered":"Prefeito de Maca\u00e9 destaca Tepor como oportunidade de desenvolvimento"},"content":{"rendered":"<div>O prefeito de Maca\u00e9, Dr. Aluizio, agradeceu ao governador do Estado do Rio de Janeiro, Wilson Witzel, por incluir o Terminal Portu\u00e1rio de Maca\u00e9 (Tepor) nas prioridades da sua gest\u00e3o para os pr\u00f3ximos 180 dias. A iniciativa do governador vem ao encontro das medidas que vem sendo tomadas pelo munic\u00edpio com vistas \u00e0 retomada do desenvolvimento local, com consequente gera\u00e7\u00e3o de empregos e renda. Em dezembro, Dr. Aluizio sancionou o Projeto Avan\u00e7a Maca\u00e9 (Lei Complementar 03\/2018) que tem como meta garantir a inje\u00e7\u00e3o de novos recursos e investimentos nas atividades do munic\u00edpio.<\/div>\n<div>\n<p>O Tepor \u00e9 uma das a\u00e7\u00f5es priorit\u00e1rias para os pr\u00f3ximos 180 dias e que consta do Plano de Diretrizes e Iniciativas Priorit\u00e1rias do Governo do Estado do Rio de Janeiro entregue aos secret\u00e1rios estaduais.<\/p>\n<p>&#8220;O Porto de Maca\u00e9 entra na prioridade dos 180 dias do Governo do Estado. Mais do que um caminho pra cidade, agora \u00e9 uma das oportunidades regionais. Deixo meu profundo agradecimento ao governador Witzel pela sensibilidade em colocar o Porto de Maca\u00e9 &#8211; Tepor, como prioridade do estado pra gera\u00e7\u00e3o de empregos e renda&#8221;, &#8211; escreveu o prefeito de Maca\u00e9 em uma rede social.<\/p>\n<p>O governo municipal vem trabalhando em iniciativas visando a retomada do desenvolvimento econ\u00f4mico local, como &#8220;#Bacia de Campos, \u00e9 preciso investir&#8221; e &#8220;#menos royalties, mais emprego&#8221;. Recentemente, com o Projeto Avan\u00e7a Maca\u00e9, a ideia \u00e9 garantir a inje\u00e7\u00e3o de novos recursos e investimentos nas atividades do munic\u00edpio. Al\u00e9m de aumentar a oferta de equipamentos p\u00fablicos, o projeto diversifica seu arranjo produtivo, permanecendo no petr\u00f3leo e g\u00e1s e expandindo para outros setores.<\/p>\n<p>A proposta foi criada com base em estudos que asseguram que as compensa\u00e7\u00f5es n\u00e3o causar\u00e3o impacto \u00e0s metas fiscais da administra\u00e7\u00e3o. Podem ser contempladas obras de infraestrutura no munic\u00edpio; atividades que incrementem a pesquisa, ci\u00eancia e tecnologia; a\u00e7\u00f5es de forma\u00e7\u00e3o e treinamento de m\u00e3o de obra especializada e implementa\u00e7\u00e3o de novas fontes energ\u00e9ticas.<\/p>\n<p>&#8220;O Avan\u00e7a Maca\u00e9 dever\u00e1 ser usado j\u00e1 nas obras do Porto, como a Transportu\u00e1ria, mas tamb\u00e9m poder\u00e1 ser utilizado nas estradas da serra para melhorar a infraestrutura da rede hoteleira. A finalidade \u00e9 permitir que a iniciativa privada possa investir em infraestrutura p\u00fablica e depois da obra conclu\u00edda reduzir os valores de impostos como ISS e IPTU&#8221;, destacou o prefeito.<\/p>\n<p>Os projetos do Tepor e a Transportu\u00e1ria s\u00e3o empreendimentos privados.<\/p>\n<p><a href=\"http:\/\/www.macae.rj.gov.br\/noticias\/leitura\/noticia\/prefeito-destaca-tepor-como-oportunidade-de-desenvolvimento\" target=\"_blank\" rel=\"noopener\">Fonte: Prefeitura de Maca\u00e9<\/a><br \/>\nJornalista: Catarina Brust<br \/>\n<b>Foto:<\/b>\u00a0Rui Porto Filho<\/p>\n<\/div>\n","protected":false},"excerpt":{"rendered":"<p>O prefeito de Maca\u00e9, Dr. Aluizio, agradeceu ao governador do Estado do Rio de Janeiro, Wilson Witzel, por incluir o<\/p>\n","protected":false},"author":7,"featured_media":10321,"comment_status":"open","ping_status":"open","sticky":false,"template":"","format":"standard","meta":{"footnotes":""},"categories":[177],"tags":[288],"class_list":["post-10320","post","type-post","status-publish","format-standard","has-post-thumbnail","hentry","category-materias","tag-macae"],"_links":{"self":[{"href":"https:\/\/www.azullimao.com.br\/portal\/wp-json\/wp\/v2\/posts\/10320","targetHints":{"allow":["GET"]}}],"collection":[{"href":"https:\/\/www.azullimao.com.br\/portal\/wp-json\/wp\/v2\/posts"}],"about":[{"href":"https:\/\/www.azullimao.com.br\/portal\/wp-json\/wp\/v2\/types\/post"}],"author":[{"embeddable":true,"href":"https:\/\/www.azullimao.com.br\/portal\/wp-json\/wp\/v2\/users\/7"}],"replies":[{"embeddable":true,"href":"https:\/\/www.azullimao.com.br\/portal\/wp-json\/wp\/v2\/comments?post=10320"}],"version-history":[{"count":2,"href":"https:\/\/www.azullimao.com.br\/portal\/wp-json\/wp\/v2\/posts\/10320\/revisions"}],"predecessor-version":[{"id":10323,"href":"https:\/\/www.azullimao.com.br\/portal\/wp-json\/wp\/v2\/posts\/10320\/revisions\/10323"}],"wp:featuredmedia":[{"embeddable":true,"href":"https:\/\/www.azullimao.com.br\/portal\/wp-json\/wp\/v2\/media\/10321"}],"wp:attachment":[{"href":"https:\/\/www.azullimao.com.br\/portal\/wp-json\/wp\/v2\/media?parent=10320"}],"wp:term":[{"taxonomy":"category","embeddable":true,"href":"https:\/\/www.azullimao.com.br\/portal\/wp-json\/wp\/v2\/categories?post=10320"},{"taxonomy":"post_tag","embeddable":true,"href":"https:\/\/www.azullimao.com.br\/portal\/wp-json\/wp\/v2\/tags?post=10320"}],"curies":[{"name":"wp","href":"https:\/\/api.w.org\/{rel}","templated":true}]}}