{"id":10307,"date":"2019-01-02T20:50:10","date_gmt":"2019-01-02T22:50:10","guid":{"rendered":"http:\/\/www.azullimao.com.br\/portal\/?p=10307"},"modified":"2019-01-02T20:50:25","modified_gmt":"2019-01-02T22:50:25","slug":"escola-de-programacao-abre-vagas-para-criancas-de-seis-a-dez-anos","status":"publish","type":"post","link":"https:\/\/www.azullimao.com.br\/portal\/materias\/escola-de-programacao-abre-vagas-para-criancas-de-seis-a-dez-anos\/","title":{"rendered":"Escola de Programa\u00e7\u00e3o abre vagas para crian\u00e7as de seis a dez anos"},"content":{"rendered":"<div>As inscri\u00e7\u00f5es para a II Escola de Ver\u00e3o de Programa\u00e7\u00e3o, voltada para crian\u00e7as de seis a dez anos, v\u00e3o at\u00e9 sexta-feira (4). <a href=\"http:\/\/aprendaprogramar.macae.ufrj.br\/\" target=\"_blank\" rel=\"noopener\"><strong>Pais ou respons\u00e1veis podem acessar o site do projeto<\/strong><\/a>. S\u00e3o oferecidas cem vagas. As aulas s\u00e3o gratuitas e prometem movimentar as f\u00e9rias dos estudantes que gostam de tecnologia.<\/div>\n<div>\n<p>As aulas v\u00e3o acontecer no campus Maca\u00e9 da Universidade Federal do Rio de Janeiro (UFRJ), entre os dias 14 de janeiro a 1\u00ba de fevereiro, na Cidade Universit\u00e1ria.<\/p>\n<p>A II Escola de Ver\u00e3o de Programa\u00e7\u00e3o tem o objetivo de proporcionar um ambiente din\u00e2mico e interativo para os estudantes a partir do primeiro ano de escolaridade. Durante as aulas, eles v\u00e3o aprender sobre programa\u00e7\u00e3o de computadores, ferramentas utilizadas mundialmente com foco para jogos e brincadeiras interativas.<\/p>\n<p>Todo o conte\u00fado \u00e9 organizado pelos monitores do projeto de extens\u00e3o da UFRJ-Maca\u00e9 Aprenda a Programar Jogando, coordenado pela professora Jana\u00edna Gomide e evidencia que as crian\u00e7as podem ser criadoras das tecnologias que usam no dia a dia.<\/p>\n<p>O Aprenda a Programar Jogando tamb\u00e9m oferece oficinas e minicursos. A equipe conta com aux\u00edlio de t\u00e9cnicos administrativos da universidade.<\/p>\n<p>A Cidade Universit\u00e1ria est\u00e1 localizada \u00e0 Rua Alo\u00edsio da Silva Gomes, 50, bairro Granja dos Cavaleiros.<\/p>\n<p><a href=\"http:\/\/www.macae.rj.gov.br\/noticias\/leitura\/noticia\/escola-de-programacao-abre-vagas-para-criancas-de-seis-a-dez-anos\" target=\"_blank\" rel=\"noopener\">Fonte: Prefeitura de Maca\u00e9<\/a><br \/>\nJornalista: Joice Trindade<br \/>\n<b>Foto:<\/b> Jo\u00e3o Barreto &#8211; Arquivo Secom<\/p>\n<\/div>\n","protected":false},"excerpt":{"rendered":"<p>As inscri\u00e7\u00f5es para a II Escola de Ver\u00e3o de Programa\u00e7\u00e3o, voltada para crian\u00e7as de seis a dez anos, v\u00e3o at\u00e9<\/p>\n","protected":false},"author":7,"featured_media":10308,"comment_status":"open","ping_status":"open","sticky":false,"template":"","format":"standard","meta":{"footnotes":""},"categories":[177],"tags":[288],"class_list":["post-10307","post","type-post","status-publish","format-standard","has-post-thumbnail","hentry","category-materias","tag-macae"],"_links":{"self":[{"href":"https:\/\/www.azullimao.com.br\/portal\/wp-json\/wp\/v2\/posts\/10307","targetHints":{"allow":["GET"]}}],"collection":[{"href":"https:\/\/www.azullimao.com.br\/portal\/wp-json\/wp\/v2\/posts"}],"about":[{"href":"https:\/\/www.azullimao.com.br\/portal\/wp-json\/wp\/v2\/types\/post"}],"author":[{"embeddable":true,"href":"https:\/\/www.azullimao.com.br\/portal\/wp-json\/wp\/v2\/users\/7"}],"replies":[{"embeddable":true,"href":"https:\/\/www.azullimao.com.br\/portal\/wp-json\/wp\/v2\/comments?post=10307"}],"version-history":[{"count":2,"href":"https:\/\/www.azullimao.com.br\/portal\/wp-json\/wp\/v2\/posts\/10307\/revisions"}],"predecessor-version":[{"id":10310,"href":"https:\/\/www.azullimao.com.br\/portal\/wp-json\/wp\/v2\/posts\/10307\/revisions\/10310"}],"wp:featuredmedia":[{"embeddable":true,"href":"https:\/\/www.azullimao.com.br\/portal\/wp-json\/wp\/v2\/media\/10308"}],"wp:attachment":[{"href":"https:\/\/www.azullimao.com.br\/portal\/wp-json\/wp\/v2\/media?parent=10307"}],"wp:term":[{"taxonomy":"category","embeddable":true,"href":"https:\/\/www.azullimao.com.br\/portal\/wp-json\/wp\/v2\/categories?post=10307"},{"taxonomy":"post_tag","embeddable":true,"href":"https:\/\/www.azullimao.com.br\/portal\/wp-json\/wp\/v2\/tags?post=10307"}],"curies":[{"name":"wp","href":"https:\/\/api.w.org\/{rel}","templated":true}]}}