{"id":10305,"date":"2019-01-02T20:36:22","date_gmt":"2019-01-02T22:36:22","guid":{"rendered":"http:\/\/www.azullimao.com.br\/portal\/?p=10305"},"modified":"2019-01-02T20:36:22","modified_gmt":"2019-01-02T22:36:22","slug":"abertas-118-vagas-de-emprego","status":"publish","type":"post","link":"https:\/\/www.azullimao.com.br\/portal\/noticias-e-empregos\/abertas-118-vagas-de-emprego\/","title":{"rendered":"Abertas 118 vagas de emprego"},"content":{"rendered":"<p>O mercado gastron\u00f4mico sinaliza alta neste in\u00edcio de 2019: vagas para a\u00e7ougueiro, chefe de cozinha, churrasqueiro, confeiteiro e cozinheiro fazem parte das 118 abertas em empresas parceiras da Secretaria de Desenvolvimento Econ\u00f4mico, Trabalho e Renda.<\/p>\n<p>No site <a href=\"http:\/\/www.macae.rj.gov.br\/trabalhoerenda\" target=\"_blank\" rel=\"noopener\"><strong>www.macae.rj.gov.br\/trabalhoerenda<\/strong><\/a>, acessando a \u00c1rea do Trabalhador, \u00e9 poss\u00edvel verificar o quadro de empregos dispon\u00edveis. N\u00e3o \u00e9 necess\u00e1rio fazer agendamento para concorrer. O atendimento \u00e9 gratuito e os interessados podem ir direto \u00e0 secretaria, na Rodovia Amaral Peixoto, s\/n, em frente ao Est\u00e1dio Cl\u00e1udio Moacyr, na Barra, de segunda a sexta-feira, das 8h \u00e0s 17h.<\/p>\n<p>Para emiss\u00e3o das carteiras de identidade e de trabalho \u00e9 necess\u00e1rio fazer agendamento pelo 0800.021.1138. Em seguida, o candidato deve comparecer \u00e0 secretaria. A documenta\u00e7\u00e3o necess\u00e1ria para cada servi\u00e7o encontra-se divulgada no pr\u00f3prio site. Em caso de d\u00favida, o interessado pode ligar para 2763-6344.<\/p>\n<p><a href=\"http:\/\/sistemas.macae.rj.gov.br:84\/catalogo\/semtre\/index\/mural\" target=\"_blank\" rel=\"noopener\"><strong>Clique e confira abaixo a listagem completa das vagas<\/strong><\/a><\/p>\n<p><a href=\"http:\/\/www.macae.rj.gov.br\/noticias\/leitura\/noticia\/abertas-118-vagas-de-emprego\" target=\"_blank\" rel=\"noopener\">Fonte: Prefeitura de Maca\u00e9<\/a><br \/>\nornalista: Equipe Secom<\/p>\n","protected":false},"excerpt":{"rendered":"<p>O mercado gastron\u00f4mico sinaliza alta neste in\u00edcio de 2019: vagas para a\u00e7ougueiro, chefe de cozinha, churrasqueiro, confeiteiro e cozinheiro fazem<\/p>\n","protected":false},"author":7,"featured_media":10057,"comment_status":"open","ping_status":"open","sticky":false,"template":"","format":"standard","meta":{"footnotes":""},"categories":[810],"tags":[807],"class_list":["post-10305","post","type-post","status-publish","format-standard","has-post-thumbnail","hentry","category-noticias-e-empregos","tag-emprego"],"_links":{"self":[{"href":"https:\/\/www.azullimao.com.br\/portal\/wp-json\/wp\/v2\/posts\/10305","targetHints":{"allow":["GET"]}}],"collection":[{"href":"https:\/\/www.azullimao.com.br\/portal\/wp-json\/wp\/v2\/posts"}],"about":[{"href":"https:\/\/www.azullimao.com.br\/portal\/wp-json\/wp\/v2\/types\/post"}],"author":[{"embeddable":true,"href":"https:\/\/www.azullimao.com.br\/portal\/wp-json\/wp\/v2\/users\/7"}],"replies":[{"embeddable":true,"href":"https:\/\/www.azullimao.com.br\/portal\/wp-json\/wp\/v2\/comments?post=10305"}],"version-history":[{"count":1,"href":"https:\/\/www.azullimao.com.br\/portal\/wp-json\/wp\/v2\/posts\/10305\/revisions"}],"predecessor-version":[{"id":10306,"href":"https:\/\/www.azullimao.com.br\/portal\/wp-json\/wp\/v2\/posts\/10305\/revisions\/10306"}],"wp:featuredmedia":[{"embeddable":true,"href":"https:\/\/www.azullimao.com.br\/portal\/wp-json\/wp\/v2\/media\/10057"}],"wp:attachment":[{"href":"https:\/\/www.azullimao.com.br\/portal\/wp-json\/wp\/v2\/media?parent=10305"}],"wp:term":[{"taxonomy":"category","embeddable":true,"href":"https:\/\/www.azullimao.com.br\/portal\/wp-json\/wp\/v2\/categories?post=10305"},{"taxonomy":"post_tag","embeddable":true,"href":"https:\/\/www.azullimao.com.br\/portal\/wp-json\/wp\/v2\/tags?post=10305"}],"curies":[{"name":"wp","href":"https:\/\/api.w.org\/{rel}","templated":true}]}}